{"id":17311,"date":"2019-03-27T01:26:12","date_gmt":"2019-03-27T00:26:12","guid":{"rendered":"http:\/\/www.associationdemarie.org\/blog\/?p=17311"},"modified":"2019-03-21T09:29:31","modified_gmt":"2019-03-21T08:29:31","slug":"je-ne-suis-pas-venu-abolir-la-loi-ou-les-prophetes-je-ne-suis-pas-venu-abolir-mais-accomplir","status":"publish","type":"post","link":"https:\/\/www.associationdemarie.org\/blog\/je-ne-suis-pas-venu-abolir-la-loi-ou-les-prophetes-je-ne-suis-pas-venu-abolir-mais-accomplir\/","title":{"rendered":"\u00ab Je ne suis pas venu abolir la Loi ou les Proph\u00e8tes ; je ne suis pas venu abolir mais accomplir. \u00bb"},"content":{"rendered":"<p><a href=\"https:\/\/www.associationdemarie.org\/blog\/wp-content\/uploads\/2019\/03\/ob_37044d_12299306-1709998495899667-155998266774.jpg\"><img loading=\"lazy\" decoding=\"async\" class=\"aligncenter  wp-image-17312\" src=\"https:\/\/www.associationdemarie.org\/blog\/wp-content\/uploads\/2019\/03\/ob_37044d_12299306-1709998495899667-155998266774.jpg\" alt=\"\" width=\"458\" height=\"453\" srcset=\"https:\/\/www.associationdemarie.org\/blog\/wp-content\/uploads\/2019\/03\/ob_37044d_12299306-1709998495899667-155998266774.jpg 640w, https:\/\/www.associationdemarie.org\/blog\/wp-content\/uploads\/2019\/03\/ob_37044d_12299306-1709998495899667-155998266774-300x297.jpg 300w\" sizes=\"auto, (max-width: 458px) 100vw, 458px\" \/><\/a><\/p>\n<p>La gr\u00e2ce, autrefois comme voil\u00e9e dans l&rsquo;Ancien Testament, a \u00e9t\u00e9 r\u00e9v\u00e9l\u00e9e pleinement dans l&rsquo;\u00c9vangile du Christ par une disposition harmonieuse des temps, comme Dieu a coutume de disposer harmonieusement toute chose&#8230; Mais \u00e0 l&rsquo;int\u00e9rieur de cette admirable harmonie, on constate une grande diff\u00e9rence entre deux \u00e9poques. Au Sina\u00ef, le peuple n&rsquo;osait pas s&rsquo;approcher du lieu o\u00f9 le Seigneur donnait sa Loi\u00a0; au C\u00e9nacle, le Saint-Esprit descend sur ceux qui se sont rassembl\u00e9s en attendant l&rsquo;accomplissement de la promesse (Ex 19,23; Ac 2,1). D&rsquo;abord, le doigt de Dieu a grav\u00e9 ses lois sur des tables de pierre\u00a0; maintenant c&rsquo;est dans le c\u0153ur des hommes qu&rsquo;il l&rsquo;\u00e9crit (Ex 31,18; 2Co 3,3). Autrefois, la Loi \u00e9tait \u00e9crite au-dehors et inspirait la peur aux p\u00e9cheurs\u00a0; maintenant, c&rsquo;est int\u00e9rieurement qu&rsquo;elle leur est donn\u00e9e pour les rendre justes&#8230;<\/p>\n<p>En effet, comme le dit l&rsquo;ap\u00f4tre Paul, tout ce qui est \u00e9crit sur les tables de pierre, \u00ab\u00a0tu ne commettras pas d&rsquo;adult\u00e8re, tu ne tueras pas&#8230;, tu ne convoiteras pas et d&rsquo;autres choses semblables, se r\u00e9sume dans ce seul commandement\u00a0: tu aimeras ton prochain comme toi-m\u00eame. L&rsquo;amour du prochain n&rsquo;accomplit aucun mal. La pl\u00e9nitude de la Loi, c&rsquo;est la charit\u00e9\u00a0\u00bb (Rm 13,9s; Lv 19,18)&#8230; Cette charit\u00e9 a \u00e9t\u00e9 \u00ab\u00a0r\u00e9pandue dans nos c\u0153urs par l&rsquo;Esprit Saint qui nous a \u00e9t\u00e9 donn\u00e9\u00a0\u00bb (Rm 5,5).<\/p>\n<h3 class=\"commentary-author font-2 ng-binding\">Saint Augustin (354-430)<\/h3>\n<p>&nbsp;<\/p>\n<p>&nbsp;<\/p>\n<p>&nbsp;<\/p>\n","protected":false},"excerpt":{"rendered":"<p>La gr\u00e2ce, autrefois comme voil\u00e9e dans l&rsquo;Ancien Testament, a \u00e9t\u00e9 r\u00e9v\u00e9l\u00e9e pleinement dans l&rsquo;\u00c9vangile du Christ par une disposition harmonieuse des temps, comme Dieu a coutume de disposer harmonieusement toute chose&#8230; Mais \u00e0 l&rsquo;int\u00e9rieur de cette admirable harmonie, on constate une grande diff\u00e9rence entre deux \u00e9poques. Au Sina\u00ef, le peuple n&rsquo;osait pas s&rsquo;approcher du lieu [&hellip;]<\/p>\n","protected":false},"author":2,"featured_media":0,"comment_status":"closed","ping_status":"closed","sticky":false,"template":"","format":"standard","meta":{"footnotes":""},"categories":[3,13,1261],"tags":[243,589,1012],"class_list":["post-17311","post","type-post","status-publish","format-standard","hentry","category-liturgique","category-ecritures","category-enseignement-2","tag-commandements","tag-loi","tag-st-augustin"],"_links":{"self":[{"href":"https:\/\/www.associationdemarie.org\/blog\/wp-json\/wp\/v2\/posts\/17311","targetHints":{"allow":["GET"]}}],"collection":[{"href":"https:\/\/www.associationdemarie.org\/blog\/wp-json\/wp\/v2\/posts"}],"about":[{"href":"https:\/\/www.associationdemarie.org\/blog\/wp-json\/wp\/v2\/types\/post"}],"author":[{"embeddable":true,"href":"https:\/\/www.associationdemarie.org\/blog\/wp-json\/wp\/v2\/users\/2"}],"replies":[{"embeddable":true,"href":"https:\/\/www.associationdemarie.org\/blog\/wp-json\/wp\/v2\/comments?post=17311"}],"version-history":[{"count":2,"href":"https:\/\/www.associationdemarie.org\/blog\/wp-json\/wp\/v2\/posts\/17311\/revisions"}],"predecessor-version":[{"id":17314,"href":"https:\/\/www.associationdemarie.org\/blog\/wp-json\/wp\/v2\/posts\/17311\/revisions\/17314"}],"wp:attachment":[{"href":"https:\/\/www.associationdemarie.org\/blog\/wp-json\/wp\/v2\/media?parent=17311"}],"wp:term":[{"taxonomy":"category","embeddable":true,"href":"https:\/\/www.associationdemarie.org\/blog\/wp-json\/wp\/v2\/categories?post=17311"},{"taxonomy":"post_tag","embeddable":true,"href":"https:\/\/www.associationdemarie.org\/blog\/wp-json\/wp\/v2\/tags?post=17311"}],"curies":[{"name":"wp","href":"https:\/\/api.w.org\/{rel}","templated":true}]}}