{"id":17306,"date":"2019-03-26T01:40:57","date_gmt":"2019-03-26T00:40:57","guid":{"rendered":"http:\/\/www.associationdemarie.org\/blog\/?p=17306"},"modified":"2019-03-19T15:43:47","modified_gmt":"2019-03-19T14:43:47","slug":"ne-devais-tu-pas-a-ton-tour-avoir-pitie-de-ton-compagnon-comme-moi-meme-javais-eu-pitie-de-toi","status":"publish","type":"post","link":"https:\/\/www.associationdemarie.org\/blog\/ne-devais-tu-pas-a-ton-tour-avoir-pitie-de-ton-compagnon-comme-moi-meme-javais-eu-pitie-de-toi\/","title":{"rendered":"\u00ab Ne devais-tu pas, \u00e0 ton tour, avoir piti\u00e9 de ton compagnon, comme moi-m\u00eame j&rsquo;avais eu piti\u00e9 de toi ? \u00bb"},"content":{"rendered":"<p><a href=\"https:\/\/www.associationdemarie.org\/blog\/wp-content\/uploads\/2019\/03\/12410542_934650046611457_5969114257302590566_n.jpg\"><img loading=\"lazy\" decoding=\"async\" class=\"aligncenter  wp-image-17307\" src=\"https:\/\/www.associationdemarie.org\/blog\/wp-content\/uploads\/2019\/03\/12410542_934650046611457_5969114257302590566_n.jpg\" alt=\"\" width=\"423\" height=\"282\" srcset=\"https:\/\/www.associationdemarie.org\/blog\/wp-content\/uploads\/2019\/03\/12410542_934650046611457_5969114257302590566_n.jpg 800w, https:\/\/www.associationdemarie.org\/blog\/wp-content\/uploads\/2019\/03\/12410542_934650046611457_5969114257302590566_n-300x200.jpg 300w, https:\/\/www.associationdemarie.org\/blog\/wp-content\/uploads\/2019\/03\/12410542_934650046611457_5969114257302590566_n-768x512.jpg 768w\" sizes=\"auto, (max-width: 423px) 100vw, 423px\" \/><\/a><\/p>\n<p>En quoi consiste la mis\u00e9ricorde humaine\u00a0? Surtout \u00e0 pr\u00eater attention aux mis\u00e8res des pauvres. Et en quoi consiste la mis\u00e9ricorde divine\u00a0? Sans aucun doute \u00e0 accorder le pardon des p\u00e9ch\u00e9s&#8230;<\/p>\n<p>C&rsquo;est Dieu qui en ce monde souffre du froid et de la faim en tous les pauvres, comme il le dit lui-m\u00eame (Mt 25,40)&#8230; Quelle sorte de gens sommes-nous donc, nous qui voulons recevoir lorsque Dieu donne, et lorsqu&rsquo;il demande, nous ne voulons pas donner\u00a0? Quand le pauvre a faim, c&rsquo;est le Christ qui est dans le besoin, comme il le dit lui-m\u00eame\u00a0: \u00ab\u00a0J&rsquo;avais faim, et vous ne m&rsquo;avez pas donn\u00e9 \u00e0 manger\u00a0\u00bb (v. 42). Ne m\u00e9prise donc pas la mis\u00e8re des pauvres, si tu veux esp\u00e9rer avec confiance le pardon de tes p\u00e9ch\u00e9s&#8230; Ce qu&rsquo;il re\u00e7oit sur la terre, il le rend dans le ciel.<\/p>\n<p>Je vous le demande, mes fr\u00e8res, que voulez-vous, que cherchez-vous quand vous venez \u00e0 l&rsquo;\u00e9glise\u00a0? Quoi donc, sinon la mis\u00e9ricorde\u00a0? Donnez celle de la terre, et vous recevrez celle du ciel. Le pauvre te demande, et tu demandes \u00e0 Dieu\u00a0: il demande une bouch\u00e9e de pain, et toi, la vie \u00e9ternelle&#8230; C&rsquo;est pourquoi, lorsque vous venez \u00e0 l&rsquo;\u00e9glise, faites l&rsquo;aum\u00f4ne aux pauvres, selon vos ressources.<\/p>\n<h3 class=\"commentary-author font-2 ng-binding\">Saint C\u00e9saire d&rsquo;Arles (470-543)<\/h3>\n<p>&nbsp;<\/p>\n<p>&nbsp;<\/p>\n<p>&nbsp;<\/p>\n","protected":false},"excerpt":{"rendered":"<p>En quoi consiste la mis\u00e9ricorde humaine\u00a0? Surtout \u00e0 pr\u00eater attention aux mis\u00e8res des pauvres. Et en quoi consiste la mis\u00e9ricorde divine\u00a0? Sans aucun doute \u00e0 accorder le pardon des p\u00e9ch\u00e9s&#8230; C&rsquo;est Dieu qui en ce monde souffre du froid et de la faim en tous les pauvres, comme il le dit lui-m\u00eame (Mt 25,40)&#8230; Quelle [&hellip;]<\/p>\n","protected":false},"author":2,"featured_media":0,"comment_status":"closed","ping_status":"closed","sticky":false,"template":"","format":"standard","meta":{"footnotes":""},"categories":[3,13,1261],"tags":[184,678,1229],"class_list":["post-17306","post","type-post","status-publish","format-standard","hentry","category-liturgique","category-ecritures","category-enseignement-2","tag-careme","tag-misericorde","tag-st-cesaire-darles"],"_links":{"self":[{"href":"https:\/\/www.associationdemarie.org\/blog\/wp-json\/wp\/v2\/posts\/17306","targetHints":{"allow":["GET"]}}],"collection":[{"href":"https:\/\/www.associationdemarie.org\/blog\/wp-json\/wp\/v2\/posts"}],"about":[{"href":"https:\/\/www.associationdemarie.org\/blog\/wp-json\/wp\/v2\/types\/post"}],"author":[{"embeddable":true,"href":"https:\/\/www.associationdemarie.org\/blog\/wp-json\/wp\/v2\/users\/2"}],"replies":[{"embeddable":true,"href":"https:\/\/www.associationdemarie.org\/blog\/wp-json\/wp\/v2\/comments?post=17306"}],"version-history":[{"count":2,"href":"https:\/\/www.associationdemarie.org\/blog\/wp-json\/wp\/v2\/posts\/17306\/revisions"}],"predecessor-version":[{"id":17309,"href":"https:\/\/www.associationdemarie.org\/blog\/wp-json\/wp\/v2\/posts\/17306\/revisions\/17309"}],"wp:attachment":[{"href":"https:\/\/www.associationdemarie.org\/blog\/wp-json\/wp\/v2\/media?parent=17306"}],"wp:term":[{"taxonomy":"category","embeddable":true,"href":"https:\/\/www.associationdemarie.org\/blog\/wp-json\/wp\/v2\/categories?post=17306"},{"taxonomy":"post_tag","embeddable":true,"href":"https:\/\/www.associationdemarie.org\/blog\/wp-json\/wp\/v2\/tags?post=17306"}],"curies":[{"name":"wp","href":"https:\/\/api.w.org\/{rel}","templated":true}]}}