{"id":17281,"date":"2019-03-20T01:01:50","date_gmt":"2019-03-20T00:01:50","guid":{"rendered":"http:\/\/www.associationdemarie.org\/blog\/?p=17281"},"modified":"2019-03-16T15:05:37","modified_gmt":"2019-03-16T14:05:37","slug":"ordonne-que-mes-deux-fils-que-voici-siegent-a-ta-droite-et-a-ta-gauche-dans-ton-royaume","status":"publish","type":"post","link":"https:\/\/www.associationdemarie.org\/blog\/ordonne-que-mes-deux-fils-que-voici-siegent-a-ta-droite-et-a-ta-gauche-dans-ton-royaume\/","title":{"rendered":"\u00ab Ordonne que mes deux fils que voici si\u00e8gent \u00e0 ta droite et \u00e0 ta gauche dans ton Royaume. \u00bb"},"content":{"rendered":"<p><a href=\"https:\/\/www.associationdemarie.org\/blog\/wp-content\/uploads\/2019\/03\/d9338fb3.jpg\"><img loading=\"lazy\" decoding=\"async\" class=\"aligncenter  wp-image-17282\" src=\"https:\/\/www.associationdemarie.org\/blog\/wp-content\/uploads\/2019\/03\/d9338fb3.jpg\" alt=\"\" width=\"382\" height=\"382\" srcset=\"https:\/\/www.associationdemarie.org\/blog\/wp-content\/uploads\/2019\/03\/d9338fb3.jpg 1100w, https:\/\/www.associationdemarie.org\/blog\/wp-content\/uploads\/2019\/03\/d9338fb3-150x150.jpg 150w, https:\/\/www.associationdemarie.org\/blog\/wp-content\/uploads\/2019\/03\/d9338fb3-300x300.jpg 300w, https:\/\/www.associationdemarie.org\/blog\/wp-content\/uploads\/2019\/03\/d9338fb3-768x768.jpg 768w, https:\/\/www.associationdemarie.org\/blog\/wp-content\/uploads\/2019\/03\/d9338fb3-1024x1024.jpg 1024w\" sizes=\"auto, (max-width: 382px) 100vw, 382px\" \/><\/a><\/p>\n<p>Veux-tu voir la foi de cette femme\u00a0? Eh bien, consid\u00e8re le moment de sa requ\u00eate&#8230; La croix \u00e9tait pr\u00eate, la Passion imminente, la foule des ennemis d\u00e9j\u00e0 en place. Le Ma\u00eetre parle de sa mort, les disciples s&rsquo;inqui\u00e8tent\u00a0: avant m\u00eame la Passion, ils fr\u00e9missent \u00e0 la simple \u00e9vocation de celle-ci\u00a0; ce qu&rsquo;ils entendent les frappe de stupeur, le trouble les poss\u00e8de. \u00c0 ce moment-m\u00eame, cette m\u00e8re se d\u00e9tache du groupe des ap\u00f4tres, et voil\u00e0 qu&rsquo;elle demande le Royaume et r\u00e9clame un tr\u00f4ne pour ses fils.<\/p>\n<p>Que dis-tu, femme\u00a0? Tu entends parler de croix, et tu demandes un tr\u00f4ne\u00a0? Il s&rsquo;agit de la Passion, et tu d\u00e9sires le Royaume\u00a0? Laisse donc les disciples tout \u00e0 leur crainte et \u00e0 leur souci du danger. Mais d&rsquo;o\u00f9 peut bien te venir de demander cette dignit\u00e9\u00a0? Qu&rsquo;est-ce qui, dans ce qui vient d&rsquo;\u00eatre dit et fait, te porte \u00e0 penser au Royaume\u00a0? &#8230;<\/p>\n<p>Je vois, dit-elle, la Passion, mais je pr\u00e9vois aussi la R\u00e9surrection. Je vois la croix plant\u00e9e, et je contemple le ciel ouvert. Je regarde les clous, mais je vois aussi le tr\u00f4ne&#8230; J&rsquo;ai entendu le Seigneur lui-m\u00eame dire\u00a0: \u00ab\u00a0Vous si\u00e9gerez vous aussi sur douze tr\u00f4nes\u00a0\u00bb (Mt 19,28). Je vois l&rsquo;avenir avec les yeux de la foi.<\/p>\n<p>Cette femme va jusqu&rsquo;\u00e0 devancer, me semble-t-il, les paroles du larron. Lui, sur la croix, pronon\u00e7a cette pri\u00e8re\u00a0: \u00ab\u00a0Souviens-toi de moi dans ton Royaume\u00a0\u00bb (Lc 23,42). Avant la croix, elle a pris le Royaume comme objet de sa supplication&#8230; Quel d\u00e9sir perdu dans la vision de l&rsquo;avenir\u00a0! Ce que le temps cachait, la foi le voyait.<\/p>\n<h3 class=\"commentary-author font-2 ng-binding\">Basile de S\u00e9leucie (?-v. 468)<\/h3>\n<p>&nbsp;<\/p>\n<p>&nbsp;<\/p>\n<p>&nbsp;<\/p>\n","protected":false},"excerpt":{"rendered":"<p>Veux-tu voir la foi de cette femme\u00a0? Eh bien, consid\u00e8re le moment de sa requ\u00eate&#8230; La croix \u00e9tait pr\u00eate, la Passion imminente, la foule des ennemis d\u00e9j\u00e0 en place. Le Ma\u00eetre parle de sa mort, les disciples s&rsquo;inqui\u00e8tent\u00a0: avant m\u00eame la Passion, ils fr\u00e9missent \u00e0 la simple \u00e9vocation de celle-ci\u00a0; ce qu&rsquo;ils entendent les frappe [&hellip;]<\/p>\n","protected":false},"author":2,"featured_media":0,"comment_status":"closed","ping_status":"closed","sticky":false,"template":"","format":"standard","meta":{"footnotes":""},"categories":[1261],"tags":[1318,184,274,425],"class_list":["post-17281","post","type-post","status-publish","format-standard","hentry","category-enseignement-2","tag-basile-de-seleucie","tag-careme","tag-croix","tag-foi"],"_links":{"self":[{"href":"https:\/\/www.associationdemarie.org\/blog\/wp-json\/wp\/v2\/posts\/17281","targetHints":{"allow":["GET"]}}],"collection":[{"href":"https:\/\/www.associationdemarie.org\/blog\/wp-json\/wp\/v2\/posts"}],"about":[{"href":"https:\/\/www.associationdemarie.org\/blog\/wp-json\/wp\/v2\/types\/post"}],"author":[{"embeddable":true,"href":"https:\/\/www.associationdemarie.org\/blog\/wp-json\/wp\/v2\/users\/2"}],"replies":[{"embeddable":true,"href":"https:\/\/www.associationdemarie.org\/blog\/wp-json\/wp\/v2\/comments?post=17281"}],"version-history":[{"count":2,"href":"https:\/\/www.associationdemarie.org\/blog\/wp-json\/wp\/v2\/posts\/17281\/revisions"}],"predecessor-version":[{"id":17284,"href":"https:\/\/www.associationdemarie.org\/blog\/wp-json\/wp\/v2\/posts\/17281\/revisions\/17284"}],"wp:attachment":[{"href":"https:\/\/www.associationdemarie.org\/blog\/wp-json\/wp\/v2\/media?parent=17281"}],"wp:term":[{"taxonomy":"category","embeddable":true,"href":"https:\/\/www.associationdemarie.org\/blog\/wp-json\/wp\/v2\/categories?post=17281"},{"taxonomy":"post_tag","embeddable":true,"href":"https:\/\/www.associationdemarie.org\/blog\/wp-json\/wp\/v2\/tags?post=17281"}],"curies":[{"name":"wp","href":"https:\/\/api.w.org\/{rel}","templated":true}]}}