{"id":17237,"date":"2019-01-06T01:31:38","date_gmt":"2019-01-06T00:31:38","guid":{"rendered":"http:\/\/www.associationdemarie.org\/blog\/?p=17237"},"modified":"2018-12-15T08:33:55","modified_gmt":"2018-12-15T07:33:55","slug":"epiphanie-du-seigneur-solennite-2","status":"publish","type":"post","link":"https:\/\/www.associationdemarie.org\/blog\/epiphanie-du-seigneur-solennite-2\/","title":{"rendered":"\u00c9piphanie du Seigneur, Solennit\u00e9"},"content":{"rendered":"<p><a href=\"https:\/\/www.associationdemarie.org\/blog\/wp-content\/uploads\/2018\/12\/Icone-Epiphanie.jpg\"><img loading=\"lazy\" decoding=\"async\" class=\"aligncenter  wp-image-17238\" src=\"https:\/\/www.associationdemarie.org\/blog\/wp-content\/uploads\/2018\/12\/Icone-Epiphanie.jpg\" alt=\"\" width=\"481\" height=\"364\" srcset=\"https:\/\/www.associationdemarie.org\/blog\/wp-content\/uploads\/2018\/12\/Icone-Epiphanie.jpg 600w, https:\/\/www.associationdemarie.org\/blog\/wp-content\/uploads\/2018\/12\/Icone-Epiphanie-300x227.jpg 300w\" sizes=\"auto, (max-width: 481px) 100vw, 481px\" \/><\/a><\/p>\n<p>Les mages trouvent une pauvre jeune fille avec un pauvre enfant couvert de pauvres langes&#8230; mais, en entrant dans cette grotte, ils ressentent une joie qu&rsquo;ils n&rsquo;ont jamais \u00e9prouv\u00e9e&#8230; Le divin Enfant prend un air joyeux\u00a0: signe de la satisfaction affectueuse avec laquelle il les accueille comme les premi\u00e8res conqu\u00eates de son \u0153uvre r\u00e9demptrice. Les saints rois regardent ensuite Marie, qui ne parle pas\u00a0; elle se tient en silence\u00a0; mais son visage qui refl\u00e8te la joie et respire une douceur c\u00e9leste, prouve qu&rsquo;elle leur fait bon accueil et qu&rsquo;elle les remercie d&rsquo;\u00eatre venus les premiers reconna\u00eetre son Fils pour ce qu&rsquo;il est\u00a0: leur souverain Ma\u00eetre&#8230;<\/p>\n<p>Enfant digne d&rsquo;amour, je te vois dans cette grotte, couch\u00e9 sur la paille, tr\u00e8s pauvre et tr\u00e8s m\u00e9pris\u00e9\u00a0; mais la foi m&rsquo;enseigne que tu es mon Dieu descendu du ciel pour mon salut. Je te reconnais pour mon souverain Seigneur et mon Sauveur\u00a0; je te proclame tel mais je n&rsquo;ai rien \u00e0 t&rsquo;offrir. Je n&rsquo;ai pas l&rsquo;or de l&rsquo;amour, puisque j&rsquo;ai aim\u00e9 les choses de ce monde\u00a0; je n&rsquo;ai aim\u00e9 que mes caprices, au lieu de t&rsquo;aimer toi, infiniment digne d&rsquo;amour. Je n&rsquo;ai pas l&rsquo;encens de la pri\u00e8re, puisque j&rsquo;ai malheureusement v\u00e9cu sans penser \u00e0 toi. Je n&rsquo;ai pas la myrrhe de la mortification, puisque, pour ne m&rsquo;\u00eatre pas abstenu de plaisirs mis\u00e9rables, j&rsquo;ai tant de fois contrist\u00e9 ta bont\u00e9 infinie. Que t&rsquo;offrirai-je donc\u00a0? Mon J\u00e9sus, je t&rsquo;offre mon c\u0153ur, tout souill\u00e9, tout d\u00e9nu\u00e9 qu&rsquo;il est\u00a0: accepte-le et change-le, puisque tu es venu ici-bas laver dans ton sang nos c\u0153urs coupables et nous transformer ainsi de p\u00e9cheurs en saints. Donne-moi donc cet or, cet encens, cette myrrhe qui me manquent. Donne-moi l&rsquo;or de ton saint amour\u00a0; donne-moi l&rsquo;encens, l&rsquo;esprit de pri\u00e8re\u00a0; donne-moi la myrrhe, le d\u00e9sir et la force de me mortifier en tout ce qui te d\u00e9pla\u00eet&#8230;<\/p>\n<p>\u00d4 Vierge sainte, tu as accueilli les pieux rois mages avec une vive affection et tu les as combl\u00e9s\u00a0; daigne aussi m&rsquo;accueillir et me consoler, moi qui viens, \u00e0 leur exemple, faire visite et m&rsquo;offrir \u00e0 ton Fils.<\/p>\n<h3 class=\"commentary-author font-2 ng-binding\">Saint Alphonse-Marie de Liguori (1696-1787)<\/h3>\n<p>&nbsp;<\/p>\n<p>&nbsp;<\/p>\n","protected":false},"excerpt":{"rendered":"<p>Les mages trouvent une pauvre jeune fille avec un pauvre enfant couvert de pauvres langes&#8230; mais, en entrant dans cette grotte, ils ressentent une joie qu&rsquo;ils n&rsquo;ont jamais \u00e9prouv\u00e9e&#8230; Le divin Enfant prend un air joyeux\u00a0: signe de la satisfaction affectueuse avec laquelle il les accueille comme les premi\u00e8res conqu\u00eates de son \u0153uvre r\u00e9demptrice. Les [&hellip;]<\/p>\n","protected":false},"author":2,"featured_media":0,"comment_status":"closed","ping_status":"closed","sticky":false,"template":"","format":"standard","meta":{"footnotes":""},"categories":[3,26],"tags":[366,830,1006],"class_list":["post-17237","post","type-post","status-publish","format-standard","hentry","category-liturgique","category-priere-des-ames","tag-epiphanie","tag-priere","tag-st-alphonse-de-liguori"],"_links":{"self":[{"href":"https:\/\/www.associationdemarie.org\/blog\/wp-json\/wp\/v2\/posts\/17237","targetHints":{"allow":["GET"]}}],"collection":[{"href":"https:\/\/www.associationdemarie.org\/blog\/wp-json\/wp\/v2\/posts"}],"about":[{"href":"https:\/\/www.associationdemarie.org\/blog\/wp-json\/wp\/v2\/types\/post"}],"author":[{"embeddable":true,"href":"https:\/\/www.associationdemarie.org\/blog\/wp-json\/wp\/v2\/users\/2"}],"replies":[{"embeddable":true,"href":"https:\/\/www.associationdemarie.org\/blog\/wp-json\/wp\/v2\/comments?post=17237"}],"version-history":[{"count":1,"href":"https:\/\/www.associationdemarie.org\/blog\/wp-json\/wp\/v2\/posts\/17237\/revisions"}],"predecessor-version":[{"id":17239,"href":"https:\/\/www.associationdemarie.org\/blog\/wp-json\/wp\/v2\/posts\/17237\/revisions\/17239"}],"wp:attachment":[{"href":"https:\/\/www.associationdemarie.org\/blog\/wp-json\/wp\/v2\/media?parent=17237"}],"wp:term":[{"taxonomy":"category","embeddable":true,"href":"https:\/\/www.associationdemarie.org\/blog\/wp-json\/wp\/v2\/categories?post=17237"},{"taxonomy":"post_tag","embeddable":true,"href":"https:\/\/www.associationdemarie.org\/blog\/wp-json\/wp\/v2\/tags?post=17237"}],"curies":[{"name":"wp","href":"https:\/\/api.w.org\/{rel}","templated":true}]}}