{"id":1722,"date":"2010-11-08T01:26:20","date_gmt":"2010-11-08T01:26:20","guid":{"rendered":"http:\/\/preprod.meltem-int.com\/marie\/blog\/?p=1722"},"modified":"2010-11-08T01:26:20","modified_gmt":"2010-11-08T01:26:20","slug":"foi-2","status":"publish","type":"post","link":"https:\/\/www.associationdemarie.org\/blog\/foi-2\/","title":{"rendered":"Foi"},"content":{"rendered":"<p><a href=\"https:\/\/www.associationdemarie.org\/blog\/wp-content\/uploads\/2010\/11\/arbre.gif\"><img loading=\"lazy\" decoding=\"async\" class=\"alignleft size-thumbnail wp-image-1723\" title=\"arbre\" src=\"https:\/\/www.associationdemarie.org\/blog\/wp-content\/uploads\/2010\/11\/arbre-150x150.gif\" alt=\"\" width=\"150\" height=\"150\" \/><\/a>Les Ap\u00f4tres dirent au Seigneur\u00a0: \u00ab\u00a0Augmente en nous la foi\u00a0!\u00a0\u00bb<br \/>\nLe Seigneur r\u00e9pondit\u00a0: \u00ab\u00a0La foi, si vous en aviez gros comme une graine de moutarde, vous diriez au grand arbre que voici\u00a0: &lsquo;D\u00e9racine-toi et va te planter dans la mer&rsquo;, et il vous ob\u00e9irait.<\/p>\n<p><em>\u00c9vangile de J\u00e9sus-Christ selon saint Luc 17,5-6.<\/em><\/p>\n","protected":false},"excerpt":{"rendered":"<p>Les Ap\u00f4tres dirent au Seigneur\u00a0: \u00ab\u00a0Augmente en nous la foi\u00a0!\u00a0\u00bb Le Seigneur r\u00e9pondit\u00a0: \u00ab\u00a0La foi, si vous en aviez gros comme une graine de moutarde, vous diriez au grand arbre que voici\u00a0: &lsquo;D\u00e9racine-toi et va te planter dans la mer&rsquo;, et il vous ob\u00e9irait. \u00c9vangile de J\u00e9sus-Christ selon saint Luc 17,5-6.<\/p>\n","protected":false},"author":2,"featured_media":0,"comment_status":"closed","ping_status":"closed","sticky":false,"template":"","format":"standard","meta":{"footnotes":""},"categories":[3,13,16],"tags":[88,425,698,1055],"class_list":["post-1722","post","type-post","status-publish","format-standard","hentry","category-liturgique","category-ecritures","category-jardins-de-la-bible","tag-arbre","tag-foi","tag-moutarde","tag-st-luc"],"_links":{"self":[{"href":"https:\/\/www.associationdemarie.org\/blog\/wp-json\/wp\/v2\/posts\/1722","targetHints":{"allow":["GET"]}}],"collection":[{"href":"https:\/\/www.associationdemarie.org\/blog\/wp-json\/wp\/v2\/posts"}],"about":[{"href":"https:\/\/www.associationdemarie.org\/blog\/wp-json\/wp\/v2\/types\/post"}],"author":[{"embeddable":true,"href":"https:\/\/www.associationdemarie.org\/blog\/wp-json\/wp\/v2\/users\/2"}],"replies":[{"embeddable":true,"href":"https:\/\/www.associationdemarie.org\/blog\/wp-json\/wp\/v2\/comments?post=1722"}],"version-history":[{"count":0,"href":"https:\/\/www.associationdemarie.org\/blog\/wp-json\/wp\/v2\/posts\/1722\/revisions"}],"wp:attachment":[{"href":"https:\/\/www.associationdemarie.org\/blog\/wp-json\/wp\/v2\/media?parent=1722"}],"wp:term":[{"taxonomy":"category","embeddable":true,"href":"https:\/\/www.associationdemarie.org\/blog\/wp-json\/wp\/v2\/categories?post=1722"},{"taxonomy":"post_tag","embeddable":true,"href":"https:\/\/www.associationdemarie.org\/blog\/wp-json\/wp\/v2\/tags?post=1722"}],"curies":[{"name":"wp","href":"https:\/\/api.w.org\/{rel}","templated":true}]}}