{"id":17200,"date":"2018-12-26T01:56:59","date_gmt":"2018-12-26T00:56:59","guid":{"rendered":"http:\/\/www.associationdemarie.org\/blog\/?p=17200"},"modified":"2018-12-08T05:58:54","modified_gmt":"2018-12-08T04:58:54","slug":"fete-de-saint-etienne-premier-martyr-4","status":"publish","type":"post","link":"https:\/\/www.associationdemarie.org\/blog\/fete-de-saint-etienne-premier-martyr-4\/","title":{"rendered":"F\u00eate de saint \u00c9tienne, premier martyr"},"content":{"rendered":"<p><a href=\"https:\/\/www.associationdemarie.org\/blog\/wp-content\/uploads\/2018\/12\/supplice-saint-jean-evangeliste.jpg\"><img loading=\"lazy\" decoding=\"async\" class=\"aligncenter  wp-image-17201\" src=\"https:\/\/www.associationdemarie.org\/blog\/wp-content\/uploads\/2018\/12\/supplice-saint-jean-evangeliste.jpg\" alt=\"\" width=\"388\" height=\"431\" srcset=\"https:\/\/www.associationdemarie.org\/blog\/wp-content\/uploads\/2018\/12\/supplice-saint-jean-evangeliste.jpg 640w, https:\/\/www.associationdemarie.org\/blog\/wp-content\/uploads\/2018\/12\/supplice-saint-jean-evangeliste-270x300.jpg 270w\" sizes=\"auto, (max-width: 388px) 100vw, 388px\" \/><\/a><\/p>\n<p>\u00ab\u00a0Le Christ a souffert pour nous, vous laissant un exemple pour que vous suiviez ses pas\u00a0\u00bb (1P 2,21). Quel exemple du Seigneur aurons-nous \u00e0 suivre\u00a0? Est-ce celui de ressusciter les morts\u00a0? Est-ce de marcher sur la mer\u00a0? Pas du tout, mais d&rsquo;\u00eatre doux et humbles de c\u0153ur (Mt 11,29) et d&rsquo;aimer non seulement nos amis mais m\u00eame nos ennemis (Mt 5,44).<\/p>\n<p>\u00ab\u00a0Afin que vous suiviez ses pas\u00a0\u00bb, \u00e9crit saint Pierre. Le bienheureux \u00e9vang\u00e9liste Jean le dit aussi\u00a0: \u00ab\u00a0Celui qui dit qu&rsquo;il demeure dans le Christ doit marcher comme lui il a march\u00e9\u00a0\u00bb (1Jn 2,6). Comment le Christ a-t-il march\u00e9\u00a0? Sur la croix il a pri\u00e9 pour ses ennemis, en disant\u00a0: \u00ab\u00a0P\u00e8re, pardonne-leur car ils ne savent pas ce qu&rsquo;ils font\u00a0\u00bb (Lc 23,34). Ils ont en effet perdu le sens et sont poss\u00e9d\u00e9s d&rsquo;un esprit mauvais, et alors qu&rsquo;ils nous pers\u00e9cutent, ils souffrent du diable une plus grande pers\u00e9cution. C&rsquo;est pourquoi nous devons prier plus pour leur d\u00e9livrance que pour leur condamnation.<\/p>\n<p>C&rsquo;est bien ce qu&rsquo;a fait le bienheureux \u00c9tienne, lui qui le premier a suivi tr\u00e8s glorieusement les pas du Christ. Car, alors qu&rsquo;il \u00e9tait frapp\u00e9 d&rsquo;une gr\u00eale de pierres, il a pri\u00e9 debout pour lui-m\u00eame\u00a0; mais pour ses ennemis, s&rsquo;\u00e9tant mis \u00e0 genoux, il s&rsquo;est \u00e9cri\u00e9 de toutes ses forces\u00a0: \u00ab\u00a0Seigneur J\u00e9sus Christ, ne leur impute pas ce p\u00e9ch\u00e9\u00a0\u00bb (Ac 7,60). Donc, si nous pensons que nous ne pouvons pas imiter notre Seigneur, imitons au moins celui qui \u00e9tait son serviteur comme nous.<\/p>\n<h3 class=\"commentary-author font-2 ng-binding\">Saint C\u00e9saire d&rsquo;Arles (470-543)<\/h3>\n<p>&nbsp;<\/p>\n<p>&nbsp;<\/p>\n<p>&nbsp;<\/p>\n<p>&nbsp;<\/p>\n","protected":false},"excerpt":{"rendered":"<p>\u00ab\u00a0Le Christ a souffert pour nous, vous laissant un exemple pour que vous suiviez ses pas\u00a0\u00bb (1P 2,21). Quel exemple du Seigneur aurons-nous \u00e0 suivre\u00a0? Est-ce celui de ressusciter les morts\u00a0? Est-ce de marcher sur la mer\u00a0? Pas du tout, mais d&rsquo;\u00eatre doux et humbles de c\u0153ur (Mt 11,29) et d&rsquo;aimer non seulement nos amis [&hellip;]<\/p>\n","protected":false},"author":2,"featured_media":0,"comment_status":"closed","ping_status":"closed","sticky":false,"template":"","format":"standard","meta":{"footnotes":""},"categories":[28],"tags":[647,1229,1313],"class_list":["post-17200","post","type-post","status-publish","format-standard","hentry","category-saints-et-saintes","tag-martyr","tag-st-cesaire-darles","tag-st-etienne"],"_links":{"self":[{"href":"https:\/\/www.associationdemarie.org\/blog\/wp-json\/wp\/v2\/posts\/17200","targetHints":{"allow":["GET"]}}],"collection":[{"href":"https:\/\/www.associationdemarie.org\/blog\/wp-json\/wp\/v2\/posts"}],"about":[{"href":"https:\/\/www.associationdemarie.org\/blog\/wp-json\/wp\/v2\/types\/post"}],"author":[{"embeddable":true,"href":"https:\/\/www.associationdemarie.org\/blog\/wp-json\/wp\/v2\/users\/2"}],"replies":[{"embeddable":true,"href":"https:\/\/www.associationdemarie.org\/blog\/wp-json\/wp\/v2\/comments?post=17200"}],"version-history":[{"count":1,"href":"https:\/\/www.associationdemarie.org\/blog\/wp-json\/wp\/v2\/posts\/17200\/revisions"}],"predecessor-version":[{"id":17202,"href":"https:\/\/www.associationdemarie.org\/blog\/wp-json\/wp\/v2\/posts\/17200\/revisions\/17202"}],"wp:attachment":[{"href":"https:\/\/www.associationdemarie.org\/blog\/wp-json\/wp\/v2\/media?parent=17200"}],"wp:term":[{"taxonomy":"category","embeddable":true,"href":"https:\/\/www.associationdemarie.org\/blog\/wp-json\/wp\/v2\/categories?post=17200"},{"taxonomy":"post_tag","embeddable":true,"href":"https:\/\/www.associationdemarie.org\/blog\/wp-json\/wp\/v2\/tags?post=17200"}],"curies":[{"name":"wp","href":"https:\/\/api.w.org\/{rel}","templated":true}]}}