{"id":17138,"date":"2018-12-09T01:19:03","date_gmt":"2018-12-09T00:19:03","guid":{"rendered":"http:\/\/www.associationdemarie.org\/blog\/?p=17138"},"modified":"2018-11-25T08:21:21","modified_gmt":"2018-11-25T07:21:21","slug":"que-soient-plein-dallegresse-desert-et-terre-aride-que-la-steppe-exulte-et-fleurisse-is-351","status":"publish","type":"post","link":"https:\/\/www.associationdemarie.org\/blog\/que-soient-plein-dallegresse-desert-et-terre-aride-que-la-steppe-exulte-et-fleurisse-is-351\/","title":{"rendered":"\u00ab Que soient plein d&rsquo;all\u00e9gresse d\u00e9sert et terre aride ; que la steppe exulte et fleurisse. \u00bb (Is 35,1)"},"content":{"rendered":"<p><a href=\"https:\/\/www.associationdemarie.org\/blog\/wp-content\/uploads\/2018\/11\/la-vierge-l-enfant-jesus-et-saint-jean-baptiste-andrea-sabbatini.jpg\"><img loading=\"lazy\" decoding=\"async\" class=\"aligncenter size-full wp-image-17139\" src=\"https:\/\/www.associationdemarie.org\/blog\/wp-content\/uploads\/2018\/11\/la-vierge-l-enfant-jesus-et-saint-jean-baptiste-andrea-sabbatini.jpg\" alt=\"\" width=\"400\" height=\"540\" srcset=\"https:\/\/www.associationdemarie.org\/blog\/wp-content\/uploads\/2018\/11\/la-vierge-l-enfant-jesus-et-saint-jean-baptiste-andrea-sabbatini.jpg 400w, https:\/\/www.associationdemarie.org\/blog\/wp-content\/uploads\/2018\/11\/la-vierge-l-enfant-jesus-et-saint-jean-baptiste-andrea-sabbatini-222x300.jpg 222w\" sizes=\"auto, (max-width: 400px) 100vw, 400px\" \/><\/a><\/p>\n<p>\u00ab\u00a0Au d\u00e9sert, une voix crie\u00a0: Pr\u00e9parez la route au Seigneur\u00a0!\u00a0\u00bb Fr\u00e8res, il nous faut avant tout r\u00e9fl\u00e9chir sur la gr\u00e2ce de la solitude, sur la b\u00e9atitude du d\u00e9sert, qui d\u00e8s le d\u00e9but de l&rsquo;\u00e8re du salut a m\u00e9rit\u00e9 d&rsquo;\u00eatre consacr\u00e9 au repos des saints. Certes, le d\u00e9sert a \u00e9t\u00e9 sanctifi\u00e9 pour nous par \u00ab\u00a0la voix de celui qui crie dans le d\u00e9sert\u00a0\u00bb, Jean Baptiste, qui y pr\u00eachait et y donnait un bapt\u00eame de p\u00e9nitence. D\u00e9j\u00e0 avant lui, les plus saints parmi les proph\u00e8tes avaient toujours aim\u00e9 la solitude, en tant que lieu favorable pour l&rsquo;Esprit (cf 1R 17,2s; 19,3s). Mais ce lieu a re\u00e7u une gr\u00e2ce de sanctification incomparablement plus grande quand J\u00e9sus y a pris la place de Jean (Mt 4,1)&#8230;<\/p>\n<p>Il a demeur\u00e9 dans le d\u00e9sert pendant quarante jours comme pour purifier et consacrer ce lieu \u00e0 une vie nouvelle\u00a0; il a vaincu le despote qui le hantait&#8230;, moins pour lui-m\u00eame que pour ceux qui y s\u00e9journeraient&#8230; Attends donc au d\u00e9sert celui qui te sauvera de la peur et de la temp\u00eate. Quels que soient les combats qui y fondent sur toi, quelles que soient les privations dont tu souffriras, ne retourne pas en \u00c9gypte. Le d\u00e9sert te nourrira mieux avec la manne&#8230;<\/p>\n<p>J\u00e9sus a je\u00fbn\u00e9 au d\u00e9sert, mais plusieurs fois il a nourri la foule qui l&rsquo;y a suivi, et d&rsquo;une fa\u00e7on merveilleuse&#8230; Au moment o\u00f9 tu croiras qu&rsquo;il t&rsquo;a abandonn\u00e9 depuis longtemps, c&rsquo;est alors que, n&rsquo;oubliant pas sa bont\u00e9, il viendra te consoler et dira\u00a0: \u00ab\u00a0Je me suis souvenu de toi, \u00e9mu de piti\u00e9 pour ta jeunesse et ton premier amour, quand tu m&rsquo;as suivi au d\u00e9sert\u00a0\u00bb (Jr 2,2). Alors vraiment, il fera de ton d\u00e9sert un paradis de d\u00e9lices, et toi, tu proclameras comme le proph\u00e8te que \u00ab\u00a0la gloire du Liban lui a \u00e9t\u00e9 donn\u00e9e, la beaut\u00e9 du Carmel et de Saron\u00a0\u00bb (Is 35,2)&#8230; Alors ton \u00e2me rassasi\u00e9e fera jaillir une hymne de louange\u00a0: \u00ab\u00a0Que le Seigneur soit glorifi\u00e9 pour sa mis\u00e9ricorde et ses merveilles envers les hommes\u00a0! Car il a rassasi\u00e9 l&rsquo;\u00e2me assoiff\u00e9e et combl\u00e9 l&rsquo;\u00e2me affam\u00e9e\u00a0\u00bb (Ps 106,8-9).<\/p>\n<h3 class=\"commentary-author font-2 ng-binding\">Bienheureux Guerric d&rsquo;Igny (v. 1080-1157)<\/h3>\n<p>&nbsp;<\/p>\n<p>&nbsp;<\/p>\n<p>&nbsp;<\/p>\n<p>&nbsp;<\/p>\n","protected":false},"excerpt":{"rendered":"<p>\u00ab\u00a0Au d\u00e9sert, une voix crie\u00a0: Pr\u00e9parez la route au Seigneur\u00a0!\u00a0\u00bb Fr\u00e8res, il nous faut avant tout r\u00e9fl\u00e9chir sur la gr\u00e2ce de la solitude, sur la b\u00e9atitude du d\u00e9sert, qui d\u00e8s le d\u00e9but de l&rsquo;\u00e8re du salut a m\u00e9rit\u00e9 d&rsquo;\u00eatre consacr\u00e9 au repos des saints. Certes, le d\u00e9sert a \u00e9t\u00e9 sanctifi\u00e9 pour nous par \u00ab\u00a0la voix [&hellip;]<\/p>\n","protected":false},"author":2,"featured_media":0,"comment_status":"closed","ping_status":"closed","sticky":false,"template":"","format":"standard","meta":{"footnotes":""},"categories":[13,1261,28],"tags":[155,1042],"class_list":["post-17138","post","type-post","status-publish","format-standard","hentry","category-ecritures","category-enseignement-2","category-saints-et-saintes","tag-bienheureux-guerric-digny","tag-st-jean-baptiste"],"_links":{"self":[{"href":"https:\/\/www.associationdemarie.org\/blog\/wp-json\/wp\/v2\/posts\/17138","targetHints":{"allow":["GET"]}}],"collection":[{"href":"https:\/\/www.associationdemarie.org\/blog\/wp-json\/wp\/v2\/posts"}],"about":[{"href":"https:\/\/www.associationdemarie.org\/blog\/wp-json\/wp\/v2\/types\/post"}],"author":[{"embeddable":true,"href":"https:\/\/www.associationdemarie.org\/blog\/wp-json\/wp\/v2\/users\/2"}],"replies":[{"embeddable":true,"href":"https:\/\/www.associationdemarie.org\/blog\/wp-json\/wp\/v2\/comments?post=17138"}],"version-history":[{"count":1,"href":"https:\/\/www.associationdemarie.org\/blog\/wp-json\/wp\/v2\/posts\/17138\/revisions"}],"predecessor-version":[{"id":17140,"href":"https:\/\/www.associationdemarie.org\/blog\/wp-json\/wp\/v2\/posts\/17138\/revisions\/17140"}],"wp:attachment":[{"href":"https:\/\/www.associationdemarie.org\/blog\/wp-json\/wp\/v2\/media?parent=17138"}],"wp:term":[{"taxonomy":"category","embeddable":true,"href":"https:\/\/www.associationdemarie.org\/blog\/wp-json\/wp\/v2\/categories?post=17138"},{"taxonomy":"post_tag","embeddable":true,"href":"https:\/\/www.associationdemarie.org\/blog\/wp-json\/wp\/v2\/tags?post=17138"}],"curies":[{"name":"wp","href":"https:\/\/api.w.org\/{rel}","templated":true}]}}