{"id":17103,"date":"2018-12-02T01:24:03","date_gmt":"2018-12-02T00:24:03","guid":{"rendered":"http:\/\/www.associationdemarie.org\/blog\/?p=17103"},"modified":"2018-11-17T12:34:36","modified_gmt":"2018-11-17T11:34:36","slug":"alors-on-verra-le-fils-de-lhomme-venir","status":"publish","type":"post","link":"https:\/\/www.associationdemarie.org\/blog\/alors-on-verra-le-fils-de-lhomme-venir\/","title":{"rendered":"\u00ab Alors on verra le Fils de l&rsquo;homme venir. \u00bb"},"content":{"rendered":"<p><img loading=\"lazy\" decoding=\"async\" class=\"aligncenter  wp-image-17104\" src=\"https:\/\/www.associationdemarie.org\/blog\/wp-content\/uploads\/2018\/11\/image.png\" alt=\"\" width=\"429\" height=\"429\" srcset=\"https:\/\/www.associationdemarie.org\/blog\/wp-content\/uploads\/2018\/11\/image.png 700w, https:\/\/www.associationdemarie.org\/blog\/wp-content\/uploads\/2018\/11\/image-150x150.png 150w, https:\/\/www.associationdemarie.org\/blog\/wp-content\/uploads\/2018\/11\/image-300x300.png 300w\" sizes=\"auto, (max-width: 429px) 100vw, 429px\" \/><\/p>\n<p>\u00ab\u00a0Voici l&rsquo;\u00e9poux qui vient.\u00a0\u00bb (Mt 25,6) Le Christ, notre \u00e9poux, prononce ce mot. En latin le mot \u00ab\u00a0venit\u00a0\u00bb contient en lui deux temps du verbe\u00a0: le pass\u00e9 et le pr\u00e9sent\u00a0; ce qui ne l&#8217;emp\u00eache pas de viser aussi le futur. C&rsquo;est pourquoi nous allons consid\u00e9rer trois av\u00e8nements chez notre \u00e9poux, J\u00e9sus Christ.<\/p>\n<p>Lors du premier av\u00e8nement, il se fit homme \u00e0 cause de l&rsquo;homme, par amour. Le second av\u00e8nement a lieu tous les jours, souvent et en mainte occasion, dans chaque c\u0153ur qui aime, accompagn\u00e9 de nouvelles gr\u00e2ces et de nouveaux dons, selon la capacit\u00e9 de chacun. Dans le troisi\u00e8me av\u00e8nement, l&rsquo;on consid\u00e8re celui qui aura lieu le jour du Jugement ou \u00e0 l&rsquo;heure de la mort&#8230;<\/p>\n<p>Le motif pour lequel Dieu a cr\u00e9\u00e9 les anges et les hommes est sa bont\u00e9 infinie et sa noblesse, puisqu&rsquo;il a voulu le faire afin que la b\u00e9atitude et la richesse qu&rsquo;il est lui-m\u00eame soient r\u00e9v\u00e9l\u00e9es aux cr\u00e9atures dou\u00e9es de raison, et que celles-ci puissent le savourer dans le temps, et jouir de lui au del\u00e0 du temps, dans l&rsquo;\u00e9ternit\u00e9.<\/p>\n<p>Le motif pour lequel Dieu s&rsquo;est fait homme est son amour insaisissable et la d\u00e9tresse des hommes, car ils \u00e9taient alt\u00e9r\u00e9s par la chute du p\u00e9ch\u00e9 originel et incapables de s&rsquo;en gu\u00e9rir. Mais le motif pour lequel le Christ a accompli toutes ses \u0153uvres sur terre non seulement selon sa divinit\u00e9 mais aussi selon son humanit\u00e9 est quadruple\u00a0: \u00e0 savoir son divin amour, qui est sans mesure\u00a0; l&rsquo;amour cr\u00e9\u00e9, ou charit\u00e9, qu&rsquo;il poss\u00e9dait dans son \u00e2me, gr\u00e2ce \u00e0 l&rsquo;union avec le Verbe \u00e9ternel et gr\u00e2ce au don parfait que lui en a fait son P\u00e8re\u00a0; la grande d\u00e9tresse en laquelle se trouvait la nature humaine\u00a0; enfin, l&rsquo;honneur de son P\u00e8re. Voil\u00e0 les motifs de l&rsquo;av\u00e8nement du Christ, notre \u00e9poux, et de toutes ses \u0153uvres.<\/p>\n<p class=\"commentary-author font-2 ng-binding\">Bienheureux Jan van Ruusbroec (1293-1381),\u00a0chanoine r\u00e9gulier<\/p>\n<p>&nbsp;<\/p>\n<p>&nbsp;<\/p>\n<p>&nbsp;<\/p>\n<p>&nbsp;<\/p>\n","protected":false},"excerpt":{"rendered":"<p>\u00ab\u00a0Voici l&rsquo;\u00e9poux qui vient.\u00a0\u00bb (Mt 25,6) Le Christ, notre \u00e9poux, prononce ce mot. En latin le mot \u00ab\u00a0venit\u00a0\u00bb contient en lui deux temps du verbe\u00a0: le pass\u00e9 et le pr\u00e9sent\u00a0; ce qui ne l&#8217;emp\u00eache pas de viser aussi le futur. C&rsquo;est pourquoi nous allons consid\u00e9rer trois av\u00e8nements chez notre \u00e9poux, J\u00e9sus Christ. Lors du premier [&hellip;]<\/p>\n","protected":false},"author":2,"featured_media":0,"comment_status":"closed","ping_status":"closed","sticky":false,"template":"","format":"standard","meta":{"footnotes":""},"categories":[13,1261],"tags":[127,156,707,775],"class_list":["post-17103","post","type-post","status-publish","format-standard","hentry","category-ecritures","category-enseignement-2","tag-avent","tag-bienheureux-jan-van-ruusbroec","tag-nativite","tag-parousie"],"_links":{"self":[{"href":"https:\/\/www.associationdemarie.org\/blog\/wp-json\/wp\/v2\/posts\/17103","targetHints":{"allow":["GET"]}}],"collection":[{"href":"https:\/\/www.associationdemarie.org\/blog\/wp-json\/wp\/v2\/posts"}],"about":[{"href":"https:\/\/www.associationdemarie.org\/blog\/wp-json\/wp\/v2\/types\/post"}],"author":[{"embeddable":true,"href":"https:\/\/www.associationdemarie.org\/blog\/wp-json\/wp\/v2\/users\/2"}],"replies":[{"embeddable":true,"href":"https:\/\/www.associationdemarie.org\/blog\/wp-json\/wp\/v2\/comments?post=17103"}],"version-history":[{"count":3,"href":"https:\/\/www.associationdemarie.org\/blog\/wp-json\/wp\/v2\/posts\/17103\/revisions"}],"predecessor-version":[{"id":17107,"href":"https:\/\/www.associationdemarie.org\/blog\/wp-json\/wp\/v2\/posts\/17103\/revisions\/17107"}],"wp:attachment":[{"href":"https:\/\/www.associationdemarie.org\/blog\/wp-json\/wp\/v2\/media?parent=17103"}],"wp:term":[{"taxonomy":"category","embeddable":true,"href":"https:\/\/www.associationdemarie.org\/blog\/wp-json\/wp\/v2\/categories?post=17103"},{"taxonomy":"post_tag","embeddable":true,"href":"https:\/\/www.associationdemarie.org\/blog\/wp-json\/wp\/v2\/tags?post=17103"}],"curies":[{"name":"wp","href":"https:\/\/api.w.org\/{rel}","templated":true}]}}