{"id":17096,"date":"2018-11-30T01:24:49","date_gmt":"2018-11-30T00:24:49","guid":{"rendered":"http:\/\/www.associationdemarie.org\/blog\/?p=17096"},"modified":"2018-11-14T18:27:12","modified_gmt":"2018-11-14T17:27:12","slug":"fete-de-saint-andre-apotre-3","status":"publish","type":"post","link":"https:\/\/www.associationdemarie.org\/blog\/fete-de-saint-andre-apotre-3\/","title":{"rendered":"F\u00eate de saint Andr\u00e9, ap\u00f4tre"},"content":{"rendered":"<p><img loading=\"lazy\" decoding=\"async\" class=\"aligncenter size-full wp-image-17097\" src=\"https:\/\/www.associationdemarie.org\/blog\/wp-content\/uploads\/2018\/11\/andrey_pervozvannyy_4.jpg\" alt=\"\" width=\"500\" height=\"340\" srcset=\"https:\/\/www.associationdemarie.org\/blog\/wp-content\/uploads\/2018\/11\/andrey_pervozvannyy_4.jpg 500w, https:\/\/www.associationdemarie.org\/blog\/wp-content\/uploads\/2018\/11\/andrey_pervozvannyy_4-300x204.jpg 300w\" sizes=\"auto, (max-width: 500px) 100vw, 500px\" \/><\/p>\n<p>De m\u00eame que l&rsquo;\u0153il sain et pur re\u00e7oit le rayon lumineux qui lui est envoy\u00e9, ainsi l&rsquo;\u0153il de la foi, avec la pupille de la simplicit\u00e9, reconna\u00eet la voix de Dieu aussit\u00f4t que l&rsquo;homme l&rsquo;entend. La lumi\u00e8re \u00e9manant de sa parole se l\u00e8ve en lui, il se lance joyeusement au-devant d&rsquo;elle et il la re\u00e7oit, comme l&rsquo;a dit notre Seigneur dans son \u00c9vangile\u00a0: \u00ab\u00a0Mes brebis entendent ma voix et elles me suivent\u00a0\u00bb (Jn 10,27)&#8230;<\/p>\n<p>C&rsquo;est avec cette puret\u00e9 et cette simplicit\u00e9 que les ap\u00f4tres ont suivi la parole du Christ. Le monde n&rsquo;a pas pu les emp\u00eacher, ni les habitudes humaines les retenir, ni aucun des biens qui passent pour \u00eatre quelque chose dans le monde les entraver. Ces \u00e2mes avaient senti Dieu et vivaient de la foi, et chez de telles \u00e2mes, rien dans le monde ne peut l&#8217;emporter sur la parole de Dieu. Celle-ci est faible dans les \u00e2mes mortes\u00a0; c&rsquo;est parce que l&rsquo;\u00e2me est morte que, de puissante, la Parole devient faible et que l&rsquo;enseignement de Dieu, de valide, devient sans force chez elles. Car toute l&rsquo;activit\u00e9 de l&rsquo;homme se porte l\u00e0 o\u00f9 il vit\u00a0; celui qui vit pour le monde met au service du monde ses pens\u00e9es et ses sens, tandis que celui qui vit pour Dieu se tourne vers ses commandements puissants dans toutes ses actions.<\/p>\n<p>Tous ceux qui ont \u00e9t\u00e9 appel\u00e9s ont ob\u00e9i sur-le-champ \u00e0 la voix qui les appelait lorsque le poids de l&rsquo;amour des choses terrestres n&rsquo;\u00e9tait pas suspendu \u00e0 leur \u00e2me. Car les liens du monde sont un poids pour l&rsquo;intelligence et les pens\u00e9es, et ceux qui en sont li\u00e9s et entrav\u00e9s entendent difficilement la voix de Dieu qui les appelle. Mais les ap\u00f4tres et, avant eux, les justes et les p\u00e8res n&rsquo;\u00e9taient pas ainsi\u00a0; ils ont ob\u00e9i comme des vivants, et ils sont sortis l\u00e9gers, parce que rien du monde ne les liait de son poids. Rien ne peut lier et entraver l&rsquo;\u00e2me qui sent Dieu\u00a0; elle est ouverte et pr\u00eate, en sorte que la lumi\u00e8re de la voix divine la trouve en \u00e9tat de la recevoir chaque fois qu&rsquo;elle vient.<\/p>\n<p class=\"commentary-author font-2 ng-binding\">Philox\u00e8ne de Mabboug (?-v. 523),\u00a0\u00e9v\u00eaque en Syrie<\/p>\n<p>&nbsp;<\/p>\n<p>&nbsp;<\/p>\n<p>&nbsp;<\/p>\n","protected":false},"excerpt":{"rendered":"<p>De m\u00eame que l&rsquo;\u0153il sain et pur re\u00e7oit le rayon lumineux qui lui est envoy\u00e9, ainsi l&rsquo;\u0153il de la foi, avec la pupille de la simplicit\u00e9, reconna\u00eet la voix de Dieu aussit\u00f4t que l&rsquo;homme l&rsquo;entend. La lumi\u00e8re \u00e9manant de sa parole se l\u00e8ve en lui, il se lance joyeusement au-devant d&rsquo;elle et il la re\u00e7oit, [&hellip;]<\/p>\n","protected":false},"author":2,"featured_media":0,"comment_status":"closed","ping_status":"closed","sticky":false,"template":"","format":"standard","meta":{"footnotes":""},"categories":[13,1261,28],"tags":[83,647,1009],"class_list":["post-17096","post","type-post","status-publish","format-standard","hentry","category-ecritures","category-enseignement-2","category-saints-et-saintes","tag-apotre","tag-martyr","tag-st-andre"],"_links":{"self":[{"href":"https:\/\/www.associationdemarie.org\/blog\/wp-json\/wp\/v2\/posts\/17096","targetHints":{"allow":["GET"]}}],"collection":[{"href":"https:\/\/www.associationdemarie.org\/blog\/wp-json\/wp\/v2\/posts"}],"about":[{"href":"https:\/\/www.associationdemarie.org\/blog\/wp-json\/wp\/v2\/types\/post"}],"author":[{"embeddable":true,"href":"https:\/\/www.associationdemarie.org\/blog\/wp-json\/wp\/v2\/users\/2"}],"replies":[{"embeddable":true,"href":"https:\/\/www.associationdemarie.org\/blog\/wp-json\/wp\/v2\/comments?post=17096"}],"version-history":[{"count":1,"href":"https:\/\/www.associationdemarie.org\/blog\/wp-json\/wp\/v2\/posts\/17096\/revisions"}],"predecessor-version":[{"id":17098,"href":"https:\/\/www.associationdemarie.org\/blog\/wp-json\/wp\/v2\/posts\/17096\/revisions\/17098"}],"wp:attachment":[{"href":"https:\/\/www.associationdemarie.org\/blog\/wp-json\/wp\/v2\/media?parent=17096"}],"wp:term":[{"taxonomy":"category","embeddable":true,"href":"https:\/\/www.associationdemarie.org\/blog\/wp-json\/wp\/v2\/categories?post=17096"},{"taxonomy":"post_tag","embeddable":true,"href":"https:\/\/www.associationdemarie.org\/blog\/wp-json\/wp\/v2\/tags?post=17096"}],"curies":[{"name":"wp","href":"https:\/\/api.w.org\/{rel}","templated":true}]}}