{"id":17083,"date":"2018-11-26T01:40:16","date_gmt":"2018-11-26T00:40:16","guid":{"rendered":"http:\/\/www.associationdemarie.org\/blog\/?p=17083"},"modified":"2018-11-10T07:42:26","modified_gmt":"2018-11-10T06:42:26","slug":"cette-pauvre-veuve-a-mis-plus-que-tout-le-monde","status":"publish","type":"post","link":"https:\/\/www.associationdemarie.org\/blog\/cette-pauvre-veuve-a-mis-plus-que-tout-le-monde\/","title":{"rendered":"\u00ab Cette pauvre veuve a mis plus que tout le monde. \u00bb"},"content":{"rendered":"<p><img loading=\"lazy\" decoding=\"async\" class=\"aligncenter size-full wp-image-17084\" src=\"https:\/\/www.associationdemarie.org\/blog\/wp-content\/uploads\/2018\/11\/obole-de-la-veuve.jpg\" alt=\"\" width=\"338\" height=\"478\" srcset=\"https:\/\/www.associationdemarie.org\/blog\/wp-content\/uploads\/2018\/11\/obole-de-la-veuve.jpg 338w, https:\/\/www.associationdemarie.org\/blog\/wp-content\/uploads\/2018\/11\/obole-de-la-veuve-212x300.jpg 212w\" sizes=\"auto, (max-width: 338px) 100vw, 338px\" \/><\/p>\n<p>Dans l&rsquo;\u00e9vangile de Luc, le Seigneur enseigne comme il convient d&rsquo;\u00eatre mis\u00e9ricordieux et g\u00e9n\u00e9reux envers les pauvres, sans s&rsquo;arr\u00eater \u00e0 la pens\u00e9e de sa pauvret\u00e9\u00a0; car la g\u00e9n\u00e9rosit\u00e9 ne se calcule pas d&rsquo;apr\u00e8s l&rsquo;abondance du patrimoine, mais d&rsquo;apr\u00e8s la disposition \u00e0 donner. C&rsquo;est pourquoi la parole du Seigneur fait pr\u00e9f\u00e9rer \u00e0 tous cette veuve dont il est dit\u00a0: \u00ab\u00a0Cette veuve a donn\u00e9 plus que tous\u00a0\u00bb. Au sens moral, le Seigneur apprend \u00e0 tout le monde qu&rsquo;il ne faut pas se laisser d\u00e9tourner de faire le bien par la honte de la pauvret\u00e9, et que les riches n&rsquo;ont pas \u00e0 se glorifier parce qu&rsquo;ils semblent donner plus que les pauvres. Une petite pi\u00e8ce prise sur peu de bien l&#8217;emporte sur un tr\u00e9sor tir\u00e9 de l&rsquo;abondance\u00a0; on ne calcule pas ce qui est donn\u00e9 mais ce qui reste. Personne n&rsquo;a donn\u00e9 davantage que celle qui n&rsquo;a rien gard\u00e9 pour elle&#8230;<\/p>\n<p>Cependant au sens mystique il ne faut pas oublier cette femme qui met deux pi\u00e8ces dans le tronc. Grande assur\u00e9ment cette femme, qui a m\u00e9rit\u00e9 d&rsquo;\u00eatre pr\u00e9f\u00e9r\u00e9e \u00e0 tous par le jugement de Dieu\u00a0! Ne serait-ce pas elle qui a puis\u00e9 dans sa foi les deux Testaments pour l&rsquo;assistance des hommes\u00a0? Personne donc n&rsquo;a fait davantage et aucun homme n&rsquo;a pu \u00e9galer la grandeur de son don, puisqu&rsquo;elle a uni la foi \u00e0 la mis\u00e9ricorde. Toi aussi, qui que tu sois&#8230;, n&rsquo;h\u00e9site pas \u00e0 apporter au tronc deux pi\u00e8ces pleines de foi et de gr\u00e2ce.<\/p>\n<p class=\"commentary-author font-2 ng-binding\">Saint Ambroise (v. 340-397),\u00a0\u00e9v\u00eaque de Milan et docteur de l&rsquo;\u00c9glise<\/p>\n<p>&nbsp;<\/p>\n<p>&nbsp;<\/p>\n<p>&nbsp;<\/p>\n","protected":false},"excerpt":{"rendered":"<p>Dans l&rsquo;\u00e9vangile de Luc, le Seigneur enseigne comme il convient d&rsquo;\u00eatre mis\u00e9ricordieux et g\u00e9n\u00e9reux envers les pauvres, sans s&rsquo;arr\u00eater \u00e0 la pens\u00e9e de sa pauvret\u00e9\u00a0; car la g\u00e9n\u00e9rosit\u00e9 ne se calcule pas d&rsquo;apr\u00e8s l&rsquo;abondance du patrimoine, mais d&rsquo;apr\u00e8s la disposition \u00e0 donner. C&rsquo;est pourquoi la parole du Seigneur fait pr\u00e9f\u00e9rer \u00e0 tous cette veuve dont [&hellip;]<\/p>\n","protected":false},"author":2,"featured_media":0,"comment_status":"closed","ping_status":"closed","sticky":false,"template":"","format":"standard","meta":{"footnotes":""},"categories":[13,1261],"tags":[311,785,1007],"class_list":["post-17083","post","type-post","status-publish","format-standard","hentry","category-ecritures","category-enseignement-2","tag-don","tag-pauvrete","tag-st-ambroise"],"_links":{"self":[{"href":"https:\/\/www.associationdemarie.org\/blog\/wp-json\/wp\/v2\/posts\/17083","targetHints":{"allow":["GET"]}}],"collection":[{"href":"https:\/\/www.associationdemarie.org\/blog\/wp-json\/wp\/v2\/posts"}],"about":[{"href":"https:\/\/www.associationdemarie.org\/blog\/wp-json\/wp\/v2\/types\/post"}],"author":[{"embeddable":true,"href":"https:\/\/www.associationdemarie.org\/blog\/wp-json\/wp\/v2\/users\/2"}],"replies":[{"embeddable":true,"href":"https:\/\/www.associationdemarie.org\/blog\/wp-json\/wp\/v2\/comments?post=17083"}],"version-history":[{"count":1,"href":"https:\/\/www.associationdemarie.org\/blog\/wp-json\/wp\/v2\/posts\/17083\/revisions"}],"predecessor-version":[{"id":17085,"href":"https:\/\/www.associationdemarie.org\/blog\/wp-json\/wp\/v2\/posts\/17083\/revisions\/17085"}],"wp:attachment":[{"href":"https:\/\/www.associationdemarie.org\/blog\/wp-json\/wp\/v2\/media?parent=17083"}],"wp:term":[{"taxonomy":"category","embeddable":true,"href":"https:\/\/www.associationdemarie.org\/blog\/wp-json\/wp\/v2\/categories?post=17083"},{"taxonomy":"post_tag","embeddable":true,"href":"https:\/\/www.associationdemarie.org\/blog\/wp-json\/wp\/v2\/tags?post=17083"}],"curies":[{"name":"wp","href":"https:\/\/api.w.org\/{rel}","templated":true}]}}