{"id":17048,"date":"2018-11-16T01:48:20","date_gmt":"2018-11-16T00:48:20","guid":{"rendered":"http:\/\/www.associationdemarie.org\/blog\/?p=17048"},"modified":"2018-11-01T06:50:17","modified_gmt":"2018-11-01T05:50:17","slug":"les-deux-avenements-du-christ","status":"publish","type":"post","link":"https:\/\/www.associationdemarie.org\/blog\/les-deux-avenements-du-christ\/","title":{"rendered":"Les deux av\u00e8nements du Christ"},"content":{"rendered":"<p><img loading=\"lazy\" decoding=\"async\" class=\"aligncenter  wp-image-17049\" src=\"https:\/\/www.associationdemarie.org\/blog\/wp-content\/uploads\/2018\/11\/Papel-de-parede-de-Jesus-dando-um-serm\u00e3o-Tefilah.jpg\" alt=\"\" width=\"441\" height=\"248\" srcset=\"https:\/\/www.associationdemarie.org\/blog\/wp-content\/uploads\/2018\/11\/Papel-de-parede-de-Jesus-dando-um-serm\u00e3o-Tefilah.jpg 1920w, https:\/\/www.associationdemarie.org\/blog\/wp-content\/uploads\/2018\/11\/Papel-de-parede-de-Jesus-dando-um-serm\u00e3o-Tefilah-300x169.jpg 300w, https:\/\/www.associationdemarie.org\/blog\/wp-content\/uploads\/2018\/11\/Papel-de-parede-de-Jesus-dando-um-serm\u00e3o-Tefilah-768x432.jpg 768w, https:\/\/www.associationdemarie.org\/blog\/wp-content\/uploads\/2018\/11\/Papel-de-parede-de-Jesus-dando-um-serm\u00e3o-Tefilah-1024x576.jpg 1024w\" sizes=\"auto, (max-width: 441px) 100vw, 441px\" \/><\/p>\n<p>Nous annon\u00e7ons la venue du Christ\u00a0: non seulement son premier av\u00e8nement, mais encore un second beaucoup plus \u00e9clatant. Le premier en effet a \u00e9t\u00e9 marqu\u00e9 du signe de la patience, tandis que l&rsquo;autre portera le diad\u00e8me de la royaut\u00e9 divine&#8230; Lors du premier av\u00e8nement, il a \u00e9t\u00e9 emmaillot\u00e9 et couch\u00e9 dans la cr\u00e8che\u00a0; lors du second, il sera \u00ab\u00a0drap\u00e9 de lumi\u00e8re comme d&rsquo;un manteau\u00a0\u00bb (Ps 103,2). Lors du premier, il a subi la croix et m\u00e9pris\u00e9 la honte\u00a0; lors du second, il s&rsquo;avancera dans la gloire escort\u00e9 d&rsquo;une arm\u00e9e d&rsquo;anges.<\/p>\n<p>Il ne nous suffit pas de nous appuyer maintenant sur le premier av\u00e8nement\u00a0; nous attendons encore le second. Et apr\u00e8s avoir dit, lors du premier\u00a0: \u00ab\u00a0B\u00e9ni soit celui qui vient au nom du Seigneur\u00a0\u00bb (Mt 21,9), nous le redirons encore au moment du second, quand nous viendrons avec les anges \u00e0 la rencontre du Seigneur pour l&rsquo;adorer. Le Sauveur viendra non pour \u00eatre \u00e0 nouveau jug\u00e9, mais pour juger ceux qui ont port\u00e9 jugement&#8230; Il \u00e9tait venu alors pour r\u00e9aliser le salut et enseigner les hommes par la persuasion\u00a0; mais ce jour-l\u00e0, il soumettra tout \u00e0 sa royaut\u00e9.<\/p>\n<p class=\"commentary-author font-2 ng-binding\">Saint Cyrille de J\u00e9rusalem (313-350),\u00a0\u00e9v\u00eaque de J\u00e9rusalem et docteur de l&rsquo;\u00c9glise<\/p>\n<p>&nbsp;<\/p>\n<p>&nbsp;<\/p>\n<p>&nbsp;<\/p>\n","protected":false},"excerpt":{"rendered":"<p>Nous annon\u00e7ons la venue du Christ\u00a0: non seulement son premier av\u00e8nement, mais encore un second beaucoup plus \u00e9clatant. Le premier en effet a \u00e9t\u00e9 marqu\u00e9 du signe de la patience, tandis que l&rsquo;autre portera le diad\u00e8me de la royaut\u00e9 divine&#8230; Lors du premier av\u00e8nement, il a \u00e9t\u00e9 emmaillot\u00e9 et couch\u00e9 dans la cr\u00e8che\u00a0; lors du [&hellip;]<\/p>\n","protected":false},"author":2,"featured_media":0,"comment_status":"closed","ping_status":"closed","sticky":false,"template":"","format":"standard","meta":{"footnotes":""},"categories":[13,1261],"tags":[775,1499],"class_list":["post-17048","post","type-post","status-publish","format-standard","hentry","category-ecritures","category-enseignement-2","tag-parousie","tag-st-cyrille-de-jerusalem"],"_links":{"self":[{"href":"https:\/\/www.associationdemarie.org\/blog\/wp-json\/wp\/v2\/posts\/17048","targetHints":{"allow":["GET"]}}],"collection":[{"href":"https:\/\/www.associationdemarie.org\/blog\/wp-json\/wp\/v2\/posts"}],"about":[{"href":"https:\/\/www.associationdemarie.org\/blog\/wp-json\/wp\/v2\/types\/post"}],"author":[{"embeddable":true,"href":"https:\/\/www.associationdemarie.org\/blog\/wp-json\/wp\/v2\/users\/2"}],"replies":[{"embeddable":true,"href":"https:\/\/www.associationdemarie.org\/blog\/wp-json\/wp\/v2\/comments?post=17048"}],"version-history":[{"count":2,"href":"https:\/\/www.associationdemarie.org\/blog\/wp-json\/wp\/v2\/posts\/17048\/revisions"}],"predecessor-version":[{"id":17051,"href":"https:\/\/www.associationdemarie.org\/blog\/wp-json\/wp\/v2\/posts\/17048\/revisions\/17051"}],"wp:attachment":[{"href":"https:\/\/www.associationdemarie.org\/blog\/wp-json\/wp\/v2\/media?parent=17048"}],"wp:term":[{"taxonomy":"category","embeddable":true,"href":"https:\/\/www.associationdemarie.org\/blog\/wp-json\/wp\/v2\/categories?post=17048"},{"taxonomy":"post_tag","embeddable":true,"href":"https:\/\/www.associationdemarie.org\/blog\/wp-json\/wp\/v2\/tags?post=17048"}],"curies":[{"name":"wp","href":"https:\/\/api.w.org\/{rel}","templated":true}]}}