{"id":170,"date":"2009-03-30T19:46:28","date_gmt":"2009-03-30T19:46:28","guid":{"rendered":"http:\/\/preprod.meltem-int.com\/marie\/blog\/?p=170"},"modified":"2009-03-30T19:46:28","modified_gmt":"2009-03-30T19:46:28","slug":"mardi-18-aout","status":"publish","type":"post","link":"https:\/\/www.associationdemarie.org\/blog\/mardi-18-aout\/","title":{"rendered":"mardi 18 ao\u00fbt"},"content":{"rendered":"<p><img loading=\"lazy\" decoding=\"async\" class=\"alignleft size-medium wp-image-168\" title=\"St-Paul\" src=\"https:\/\/www.associationdemarie.org\/blog\/wp-content\/uploads\/2009\/05\/st-paul-262x300.jpg\" alt=\"St-Paul\" width=\"262\" height=\"300\" srcset=\"https:\/\/www.associationdemarie.org\/blog\/wp-content\/uploads\/2009\/05\/st-paul-262x300.jpg 262w, https:\/\/www.associationdemarie.org\/blog\/wp-content\/uploads\/2009\/05\/st-paul.jpg 403w\" sizes=\"auto, (max-width: 262px) 100vw, 262px\" \/>La basilique, une des quatre basiliques majeures, fut \u00e9lev\u00e9e, sous Constantin, \u00e0 environ 2 km de la muraille aur\u00e9lienne qui ceinturait Rome. Elle se trouvait en rase campagne et \u00e9tait la plus vaste basilique de Rome, avant la construction de la basilique Saint-Pierre. Fresques, mosa\u00efques, peintures au 13 et 14e si\u00e8cle. Malheureusement, un incendie ravagea le b\u00e2timent en 1823, ne laissant que le cloitre, le transpet, la fa\u00e7ade et heureusement, quelques vestiges artistiques de la plus haute valeur. La basilique fut recontruite, \u00e0 l&rsquo;identique. On y ajouta le portique aux cent colonnes, par Gugliemo Calderini, 1928.<\/p>\n<p>L\u2019ap\u00f4tre Paul est mort \u00e0 Rome entre 64 et 67. Selon la tradition il a \u00e9t\u00e9 martyris\u00e9 \u00e0 proximit\u00e9 de l\u2019actuelle basilique Saint-Paul-hors- les-Murs, dans un lieu appel\u00e9 tre fontane 3 fontaines, au pied de la colline o\u00f9 s&rsquo;\u00e9l\u00e8ve la basilique Saint-Paul. <img loading=\"lazy\" decoding=\"async\" class=\"alignright size-medium wp-image-169\" title=\"2e-jour\" src=\"https:\/\/www.associationdemarie.org\/blog\/wp-content\/uploads\/2009\/05\/2e-jour-300x212.jpg\" alt=\"2e-jour\" width=\"300\" height=\"212\" srcset=\"https:\/\/www.associationdemarie.org\/blog\/wp-content\/uploads\/2009\/05\/2e-jour-300x212.jpg 300w, https:\/\/www.associationdemarie.org\/blog\/wp-content\/uploads\/2009\/05\/2e-jour.jpg 800w\" sizes=\"auto, (max-width: 300px) 100vw, 300px\" \/>C&rsquo;est en ce lieu que Paul, le pers\u00e9cuteur des chr\u00e9tiens sous le nom de Saul, devenu l&rsquo;ap\u00f4tre des nations apr\u00e8s l&rsquo;apparition du Christ, fut martyris\u00e9 sous N\u00e9ron. Sa t\u00eate tranch\u00e9e par l&rsquo;\u00e9p\u00e9e et tomb\u00e9e \u00e0 terre, fit trois rebonds et fit sourdre miraculeusement trois sources d&rsquo;eau.<\/p>\n<p>En fin de journ\u00e9e, nous arriverons \u00e0 l&rsquo;h\u00f4tel \u00e0 San Giovanni Rotondo.<\/p>\n","protected":false},"excerpt":{"rendered":"<p>La basilique, une des quatre basiliques majeures, fut \u00e9lev\u00e9e, sous Constantin, \u00e0 environ 2 km de la muraille aur\u00e9lienne qui ceinturait Rome. Elle se trouvait en rase campagne et \u00e9tait la plus vaste basilique de Rome, avant la construction de la basilique Saint-Pierre. Fresques, mosa\u00efques, peintures au 13 et 14e si\u00e8cle. Malheureusement, un incendie ravagea [&hellip;]<\/p>\n","protected":false},"author":1,"featured_media":0,"comment_status":"closed","ping_status":"closed","sticky":false,"template":"","format":"standard","meta":{"footnotes":""},"categories":[25],"tags":[901,1068,1160],"class_list":["post-170","post","type-post","status-publish","format-standard","hentry","category-pelerinage","tag-rome","tag-st-paul","tag-trois-fontaine"],"_links":{"self":[{"href":"https:\/\/www.associationdemarie.org\/blog\/wp-json\/wp\/v2\/posts\/170","targetHints":{"allow":["GET"]}}],"collection":[{"href":"https:\/\/www.associationdemarie.org\/blog\/wp-json\/wp\/v2\/posts"}],"about":[{"href":"https:\/\/www.associationdemarie.org\/blog\/wp-json\/wp\/v2\/types\/post"}],"author":[{"embeddable":true,"href":"https:\/\/www.associationdemarie.org\/blog\/wp-json\/wp\/v2\/users\/1"}],"replies":[{"embeddable":true,"href":"https:\/\/www.associationdemarie.org\/blog\/wp-json\/wp\/v2\/comments?post=170"}],"version-history":[{"count":0,"href":"https:\/\/www.associationdemarie.org\/blog\/wp-json\/wp\/v2\/posts\/170\/revisions"}],"wp:attachment":[{"href":"https:\/\/www.associationdemarie.org\/blog\/wp-json\/wp\/v2\/media?parent=170"}],"wp:term":[{"taxonomy":"category","embeddable":true,"href":"https:\/\/www.associationdemarie.org\/blog\/wp-json\/wp\/v2\/categories?post=170"},{"taxonomy":"post_tag","embeddable":true,"href":"https:\/\/www.associationdemarie.org\/blog\/wp-json\/wp\/v2\/tags?post=170"}],"curies":[{"name":"wp","href":"https:\/\/api.w.org\/{rel}","templated":true}]}}