{"id":16997,"date":"2018-11-05T01:56:46","date_gmt":"2018-11-05T00:56:46","guid":{"rendered":"http:\/\/www.associationdemarie.org\/blog\/?p=16997"},"modified":"2018-10-21T06:58:34","modified_gmt":"2018-10-21T05:58:34","slug":"invite-les-pauvres-2","status":"publish","type":"post","link":"https:\/\/www.associationdemarie.org\/blog\/invite-les-pauvres-2\/","title":{"rendered":"\u00ab Invite les pauvres. \u00bb"},"content":{"rendered":"<p><img loading=\"lazy\" decoding=\"async\" class=\"aligncenter  wp-image-16998\" src=\"https:\/\/www.associationdemarie.org\/blog\/wp-content\/uploads\/2018\/10\/USA-Vincent-de-Paul-05-at-house-of-poor_jpg.jpg\" alt=\"\" width=\"470\" height=\"371\" srcset=\"https:\/\/www.associationdemarie.org\/blog\/wp-content\/uploads\/2018\/10\/USA-Vincent-de-Paul-05-at-house-of-poor_jpg.jpg 640w, https:\/\/www.associationdemarie.org\/blog\/wp-content\/uploads\/2018\/10\/USA-Vincent-de-Paul-05-at-house-of-poor_jpg-300x237.jpg 300w\" sizes=\"auto, (max-width: 470px) 100vw, 470px\" \/><\/p>\n<p>C&rsquo;est honorer notre Seigneur que d&rsquo;entrer en ses sentiments, de les estimer, de faire ce qu&rsquo;il a fait et d&rsquo;ex\u00e9cuter ce qu&rsquo;il a ordonn\u00e9. Or ses sentiments les plus grands ont \u00e9t\u00e9 le soin des pauvres pour les gu\u00e9rir, les consoler, les secourir et les recommander ; c&rsquo;\u00e9tait l\u00e0 son affection. Et lui-m\u00eame a voulu na\u00eetre pauvre, recevoir en sa compagnie des pauvres, servir les pauvres, se mettre \u00e0 la place des pauvres, jusqu&rsquo;\u00e0 dire que le bien et le mal que nous ferons aux pauvres, il le tiendra fait \u00e0 sa personne divine (Mt 25,40). Quel plus tendre amour pouvait-il t\u00e9moigner pour les pauvres ! Et quel amour, je vous prie, pouvons-nous avoir pour lui, si nous n&rsquo;aimons pas ce qu&rsquo;il a aim\u00e9 ? Tant y a, c&rsquo;est l&rsquo;aimer de la bonne sorte que d&rsquo;aimer les pauvres ; c&rsquo;est le bien servir, et c&rsquo;est l&rsquo;honorer comme il faut que de l&rsquo;imiter&#8230;<\/p>\n<p>Or, si ce d\u00e9bonnaire Sauveur se tient honor\u00e9 de cette imitation, combien plus devons-nous tenir \u00e0 grand honneur de nous rendre en cela semblables \u00e0 lui ! Ne vous semble-t-il pas que voil\u00e0 un motif tr\u00e8s puissant pour renouveler en vous votre premi\u00e8re ferveur ? Pour moi, je pense que nous devons nous offrir aujourd&rsquo;hui \u00e0 sa divine Majest\u00e9&#8230;, en sorte que l&rsquo;on puisse dire d\u00e9sormais de vous que c&rsquo;est \u00ab la charit\u00e9 de J\u00e9sus Christ qui vous presse \u00bb (2Co 5,14).<\/p>\n<p class=\"commentary-author font-2 ng-binding\">Saint Vincent de Paul (1581-1660),\u00a0pr\u00eatre, fondateur de communaut\u00e9s religieuses<\/p>\n<p>&nbsp;<\/p>\n<p>&nbsp;<\/p>\n<p>&nbsp;<\/p>\n<p>&nbsp;<\/p>\n","protected":false},"excerpt":{"rendered":"<p>C&rsquo;est honorer notre Seigneur que d&rsquo;entrer en ses sentiments, de les estimer, de faire ce qu&rsquo;il a fait et d&rsquo;ex\u00e9cuter ce qu&rsquo;il a ordonn\u00e9. Or ses sentiments les plus grands ont \u00e9t\u00e9 le soin des pauvres pour les gu\u00e9rir, les consoler, les secourir et les recommander ; c&rsquo;\u00e9tait l\u00e0 son affection. Et lui-m\u00eame a voulu [&hellip;]<\/p>\n","protected":false},"author":2,"featured_media":0,"comment_status":"closed","ping_status":"closed","sticky":false,"template":"","format":"standard","meta":{"footnotes":""},"categories":[13,1261],"tags":[785,1084],"class_list":["post-16997","post","type-post","status-publish","format-standard","hentry","category-ecritures","category-enseignement-2","tag-pauvrete","tag-st-vincent-de-paul"],"_links":{"self":[{"href":"https:\/\/www.associationdemarie.org\/blog\/wp-json\/wp\/v2\/posts\/16997","targetHints":{"allow":["GET"]}}],"collection":[{"href":"https:\/\/www.associationdemarie.org\/blog\/wp-json\/wp\/v2\/posts"}],"about":[{"href":"https:\/\/www.associationdemarie.org\/blog\/wp-json\/wp\/v2\/types\/post"}],"author":[{"embeddable":true,"href":"https:\/\/www.associationdemarie.org\/blog\/wp-json\/wp\/v2\/users\/2"}],"replies":[{"embeddable":true,"href":"https:\/\/www.associationdemarie.org\/blog\/wp-json\/wp\/v2\/comments?post=16997"}],"version-history":[{"count":1,"href":"https:\/\/www.associationdemarie.org\/blog\/wp-json\/wp\/v2\/posts\/16997\/revisions"}],"predecessor-version":[{"id":16999,"href":"https:\/\/www.associationdemarie.org\/blog\/wp-json\/wp\/v2\/posts\/16997\/revisions\/16999"}],"wp:attachment":[{"href":"https:\/\/www.associationdemarie.org\/blog\/wp-json\/wp\/v2\/media?parent=16997"}],"wp:term":[{"taxonomy":"category","embeddable":true,"href":"https:\/\/www.associationdemarie.org\/blog\/wp-json\/wp\/v2\/categories?post=16997"},{"taxonomy":"post_tag","embeddable":true,"href":"https:\/\/www.associationdemarie.org\/blog\/wp-json\/wp\/v2\/tags?post=16997"}],"curies":[{"name":"wp","href":"https:\/\/api.w.org\/{rel}","templated":true}]}}