{"id":16986,"date":"2018-11-02T01:09:12","date_gmt":"2018-11-02T00:09:12","guid":{"rendered":"http:\/\/www.associationdemarie.org\/blog\/?p=16986"},"modified":"2018-10-19T05:11:20","modified_gmt":"2018-10-19T04:11:20","slug":"commemoration-de-tous-les-fideles-defunts-5","status":"publish","type":"post","link":"https:\/\/www.associationdemarie.org\/blog\/commemoration-de-tous-les-fideles-defunts-5\/","title":{"rendered":"Comm\u00e9moration de tous les fid\u00e8les d\u00e9funts"},"content":{"rendered":"<p><img loading=\"lazy\" decoding=\"async\" class=\"aligncenter  wp-image-16987\" src=\"https:\/\/www.associationdemarie.org\/blog\/wp-content\/uploads\/2018\/10\/509e4fe4.gif\" alt=\"\" width=\"443\" height=\"332\" \/><\/p>\n<p>Pourquoi est-ce que je te pleurerais, mon fr\u00e8re qui m&rsquo;aimais tant et qui m&rsquo;a \u00e9t\u00e9 enlev\u00e9\u2026\u00a0? Car je n&rsquo;ai pas perdu mes relations avec toi\u00a0; elles ont compl\u00e8tement chang\u00e9 pour moi\u00a0: jusqu&rsquo;ici elles \u00e9taient ins\u00e9parables du corps, maintenant elles sont indissociables des sentiments. Tu restes avec moi et tu y resteras toujours\u2026 L&rsquo;ap\u00f4tre Paul me rappelle et met une sorte de frein \u00e0 mon chagrin par ces mots\u2026\u00a0: \u00ab\u00a0Nous ne voulons pas, fr\u00e8res, vous laisser dans l&rsquo;ignorance au sujet de ceux qui se sont endormis dans la mort, pour que vous ne soyez pas tristes comme les autres qui n&rsquo;ont pas d&rsquo;esp\u00e9rance\u00a0\u00bb (1Th 4,13)\u2026<\/p>\n<p>Mais tous les pleurs ne sont pas signe de manque de foi ou de faiblesse. La douleur naturelle est une chose, la tristesse de l&rsquo;incroyance en est une autre\u2026 La douleur n&rsquo;est pas seule \u00e0 avoir des larmes\u00a0: la joie a ses larmes, l&rsquo;affection elle aussi fait venir les pleurs et la parole arrose le sol de larmes, et la pri\u00e8re, selon les mots du proph\u00e8te, baigne de larmes notre lit (Ps 6,7). Quand on a enseveli les patriarches, leur peuple aussi a beaucoup pleur\u00e9 sur lui-m\u00eame. Les larmes sont donc des signes d&rsquo;affection et non des incitations \u00e0 la douleur. J&rsquo;ai pleur\u00e9, je l&rsquo;avoue, mais le Seigneur aussi a pleur\u00e9 (Jn 11,35)\u00a0; lui a pleur\u00e9 quelqu&rsquo;un qui n&rsquo;\u00e9tait pas de sa famille, moi un fr\u00e8re. Lui, en un seul homme, a pleur\u00e9 tous les hommes\u00a0; moi je te pleurerai, mon fr\u00e8re, en tous les hommes.<\/p>\n<p>C&rsquo;est avec notre sensibilit\u00e9 que le Christ a pleur\u00e9, non avec la sienne, car la divinit\u00e9 n&rsquo;a pas de larmes\u2026 Il a pleur\u00e9 en cet homme qui \u00e9tait \u00ab\u00a0triste \u00e0 en mourir\u00a0\u00bb (Mt 26,38)\u00a0; il a pleur\u00e9 en celui qui a \u00e9t\u00e9 crucifi\u00e9, qui est mort, qui a \u00e9t\u00e9 enseveli\u00a0; il a pleur\u00e9 en cet homme&#8230; n\u00e9 de la Vierge.<\/p>\n<p class=\"commentary-author font-2 ng-binding\">Saint Ambroise (v. 340-397),\u00a0\u00e9v\u00eaque de Milan et docteur de l&rsquo;\u00c9glise<\/p>\n<p>&nbsp;<\/p>\n<p>&nbsp;<\/p>\n<p>&nbsp;<\/p>\n","protected":false},"excerpt":{"rendered":"<p>Pourquoi est-ce que je te pleurerais, mon fr\u00e8re qui m&rsquo;aimais tant et qui m&rsquo;a \u00e9t\u00e9 enlev\u00e9\u2026\u00a0? Car je n&rsquo;ai pas perdu mes relations avec toi\u00a0; elles ont compl\u00e8tement chang\u00e9 pour moi\u00a0: jusqu&rsquo;ici elles \u00e9taient ins\u00e9parables du corps, maintenant elles sont indissociables des sentiments. Tu restes avec moi et tu y resteras toujours\u2026 L&rsquo;ap\u00f4tre Paul me [&hellip;]<\/p>\n","protected":false},"author":2,"featured_media":0,"comment_status":"closed","ping_status":"closed","sticky":false,"template":"","format":"standard","meta":{"footnotes":""},"categories":[13,1261],"tags":[283,1007],"class_list":["post-16986","post","type-post","status-publish","format-standard","hentry","category-ecritures","category-enseignement-2","tag-defunts","tag-st-ambroise"],"_links":{"self":[{"href":"https:\/\/www.associationdemarie.org\/blog\/wp-json\/wp\/v2\/posts\/16986","targetHints":{"allow":["GET"]}}],"collection":[{"href":"https:\/\/www.associationdemarie.org\/blog\/wp-json\/wp\/v2\/posts"}],"about":[{"href":"https:\/\/www.associationdemarie.org\/blog\/wp-json\/wp\/v2\/types\/post"}],"author":[{"embeddable":true,"href":"https:\/\/www.associationdemarie.org\/blog\/wp-json\/wp\/v2\/users\/2"}],"replies":[{"embeddable":true,"href":"https:\/\/www.associationdemarie.org\/blog\/wp-json\/wp\/v2\/comments?post=16986"}],"version-history":[{"count":2,"href":"https:\/\/www.associationdemarie.org\/blog\/wp-json\/wp\/v2\/posts\/16986\/revisions"}],"predecessor-version":[{"id":16989,"href":"https:\/\/www.associationdemarie.org\/blog\/wp-json\/wp\/v2\/posts\/16986\/revisions\/16989"}],"wp:attachment":[{"href":"https:\/\/www.associationdemarie.org\/blog\/wp-json\/wp\/v2\/media?parent=16986"}],"wp:term":[{"taxonomy":"category","embeddable":true,"href":"https:\/\/www.associationdemarie.org\/blog\/wp-json\/wp\/v2\/categories?post=16986"},{"taxonomy":"post_tag","embeddable":true,"href":"https:\/\/www.associationdemarie.org\/blog\/wp-json\/wp\/v2\/tags?post=16986"}],"curies":[{"name":"wp","href":"https:\/\/api.w.org\/{rel}","templated":true}]}}