{"id":16979,"date":"2018-11-01T05:07:17","date_gmt":"2018-11-01T04:07:17","guid":{"rendered":"http:\/\/www.associationdemarie.org\/blog\/?p=16979"},"modified":"2018-10-18T05:10:34","modified_gmt":"2018-10-18T04:10:34","slug":"solennite-de-la-toussaint-3","status":"publish","type":"post","link":"https:\/\/www.associationdemarie.org\/blog\/solennite-de-la-toussaint-3\/","title":{"rendered":"Solennit\u00e9 de la Toussaint"},"content":{"rendered":"<p><img loading=\"lazy\" decoding=\"async\" class=\"aligncenter wp-image-16980\" src=\"https:\/\/www.associationdemarie.org\/blog\/wp-content\/uploads\/2018\/10\/vsi-sveti.jpg\" alt=\"\" width=\"451\" height=\"287\" srcset=\"https:\/\/www.associationdemarie.org\/blog\/wp-content\/uploads\/2018\/10\/vsi-sveti.jpg 640w, https:\/\/www.associationdemarie.org\/blog\/wp-content\/uploads\/2018\/10\/vsi-sveti-300x191.jpg 300w\" sizes=\"auto, (max-width: 451px) 100vw, 451px\" \/><\/p>\n<p>S\u0153ur Marie de l&rsquo;Eucharistie voulait allumer les cierges pour une procession\u00a0; elle n&rsquo;avait pas d&rsquo;allumette, mais voyant la petite lampe qui br\u00fble devant les reliques, elle s&rsquo;en approche. H\u00e9las, elle la trouve \u00e0 demi \u00e9teinte\u00a0; il ne reste plus qu&rsquo;une faible lueur sur la m\u00e8che carbonis\u00e9e. Elle r\u00e9ussit cependant \u00e0 allumer son cierge et, par ce cierge, tous ceux de la communaut\u00e9 se trouv\u00e8rent allum\u00e9s. C&rsquo;est donc cette petite lampe \u00e0 demi \u00e9teinte qui a produit ces belles flammes qui, \u00e0 leur tour, peuvent en produire une infinit\u00e9 d&rsquo;autres et m\u00eame embraser l&rsquo;univers. Pourtant ce serait toujours \u00e0 la petite lampe qu&rsquo;on devrait la premi\u00e8re cause de cet embrasement. Comment, sachant cela, les belles flammes pourraient-elles se glorifier d&rsquo;avoir fait un incendie pareil, puisqu&rsquo;elles n&rsquo;ont \u00e9t\u00e9 allum\u00e9es que par correspondance avec la petite \u00e9tincelle\u00a0?&#8230;<\/p>\n<p>Il en est de m\u00eame pour la communion des saints. Souvent, sans le savoir, les gr\u00e2ces et les lumi\u00e8res que nous recevons sont dues \u00e0 une \u00e2me cach\u00e9e, parce que le bon Dieu veut que les saints se communiquent les uns aux autres la gr\u00e2ce par la pri\u00e8re, afin qu&rsquo;au ciel ils s&rsquo;aiment d&rsquo;un grand amour, d&rsquo;un amour bien plus grand encore que celui de la famille, m\u00eame la famille la plus id\u00e9ale de la terre. Combien de fois ai-je pens\u00e9 que je pouvais devoir toutes les gr\u00e2ces que j&rsquo;ai re\u00e7ues aux pri\u00e8res d&rsquo;une \u00e2me qui m&rsquo;aurait demand\u00e9e au bon Dieu et que je ne conna\u00eetrai qu&rsquo;au ciel. Oui, une toute petite \u00e9tincelle pourra faire na\u00eetre de grandes lumi\u00e8res dans toute l&rsquo;\u00c9glise, comme des docteurs et des martyrs qui seront sans doute bien au-dessus d&rsquo;elle au ciel\u00a0; mais comment pourrait-on penser que leur gloire ne deviendra pas la sienne\u00a0? Au ciel on ne rencontrera pas de regards indiff\u00e9rents, parce que tous les \u00e9lus reconna\u00eetront qu&rsquo;ils se doivent entre eux les gr\u00e2ces qui leur ont m\u00e9rit\u00e9 la couronne.<\/p>\n<p class=\"commentary-author font-2 ng-binding\">Sainte Th\u00e9r\u00e8se de l&rsquo;Enfant J\u00e9sus (1873-1897),\u00a0carm\u00e9lite, docteur de l&rsquo;\u00c9glise<\/p>\n<p>&nbsp;<\/p>\n<p>&nbsp;<\/p>\n<p>&nbsp;<\/p>\n<p>&nbsp;<\/p>\n","protected":false},"excerpt":{"rendered":"<p>S\u0153ur Marie de l&rsquo;Eucharistie voulait allumer les cierges pour une procession\u00a0; elle n&rsquo;avait pas d&rsquo;allumette, mais voyant la petite lampe qui br\u00fble devant les reliques, elle s&rsquo;en approche. H\u00e9las, elle la trouve \u00e0 demi \u00e9teinte\u00a0; il ne reste plus qu&rsquo;une faible lueur sur la m\u00e8che carbonis\u00e9e. Elle r\u00e9ussit cependant \u00e0 allumer son cierge et, par [&hellip;]<\/p>\n","protected":false},"author":2,"featured_media":0,"comment_status":"closed","ping_status":"closed","sticky":false,"template":"","format":"standard","meta":{"footnotes":""},"categories":[13,1261],"tags":[1507,1107,1146],"class_list":["post-16979","post","type-post","status-publish","format-standard","hentry","category-ecritures","category-enseignement-2","tag-communion-des-saints","tag-ste-therese","tag-toussaint"],"_links":{"self":[{"href":"https:\/\/www.associationdemarie.org\/blog\/wp-json\/wp\/v2\/posts\/16979","targetHints":{"allow":["GET"]}}],"collection":[{"href":"https:\/\/www.associationdemarie.org\/blog\/wp-json\/wp\/v2\/posts"}],"about":[{"href":"https:\/\/www.associationdemarie.org\/blog\/wp-json\/wp\/v2\/types\/post"}],"author":[{"embeddable":true,"href":"https:\/\/www.associationdemarie.org\/blog\/wp-json\/wp\/v2\/users\/2"}],"replies":[{"embeddable":true,"href":"https:\/\/www.associationdemarie.org\/blog\/wp-json\/wp\/v2\/comments?post=16979"}],"version-history":[{"count":2,"href":"https:\/\/www.associationdemarie.org\/blog\/wp-json\/wp\/v2\/posts\/16979\/revisions"}],"predecessor-version":[{"id":16982,"href":"https:\/\/www.associationdemarie.org\/blog\/wp-json\/wp\/v2\/posts\/16979\/revisions\/16982"}],"wp:attachment":[{"href":"https:\/\/www.associationdemarie.org\/blog\/wp-json\/wp\/v2\/media?parent=16979"}],"wp:term":[{"taxonomy":"category","embeddable":true,"href":"https:\/\/www.associationdemarie.org\/blog\/wp-json\/wp\/v2\/categories?post=16979"},{"taxonomy":"post_tag","embeddable":true,"href":"https:\/\/www.associationdemarie.org\/blog\/wp-json\/wp\/v2\/tags?post=16979"}],"curies":[{"name":"wp","href":"https:\/\/api.w.org\/{rel}","templated":true}]}}