{"id":16959,"date":"2018-10-28T01:36:45","date_gmt":"2018-10-28T00:36:45","guid":{"rendered":"http:\/\/www.associationdemarie.org\/blog\/?p=16959"},"modified":"2018-10-13T08:39:11","modified_gmt":"2018-10-13T07:39:11","slug":"maitre-que-je-voie","status":"publish","type":"post","link":"https:\/\/www.associationdemarie.org\/blog\/maitre-que-je-voie\/","title":{"rendered":"\u00ab Ma\u00eetre, que je voie. \u00bb"},"content":{"rendered":"<p><img loading=\"lazy\" decoding=\"async\" class=\"aligncenter  wp-image-16960\" src=\"https:\/\/www.associationdemarie.org\/blog\/wp-content\/uploads\/2018\/10\/images.jpeg\" alt=\"\" width=\"463\" height=\"291\" \/><\/p>\n<p>En toi, Dieu vivant, mon c\u0153ur et ma chair ont tressailli, et mon \u00e2me s&rsquo;est r\u00e9jouie en toi, mon vrai salut. Quand mes yeux te verront-ils, Dieu des dieux, mon Dieu\u00a0? Dieu de mon c\u0153ur, quand me r\u00e9jouiras-tu de la vue de la douceur de ton visage\u00a0? Quand combleras-tu le d\u00e9sir de mon \u00e2me par la manifestation de ta gloire\u00a0?<\/p>\n<p>Mon Dieu, tu es mon h\u00e9ritage choisi entre tous, ma force et ma gloire\u00a0! Quand entrerai-je en ta puissance pour voir ta force et ta gloire\u00a0? Quand donc au lieu de l&rsquo;esprit de tristesse me rev\u00eatiras-tu du manteau de la louange, pour qu&rsquo;unie aux anges, tous mes membres t&rsquo;offrent un sacrifice d&rsquo;acclamation\u00a0? Dieu de ma vie, quand entrerai-je dans le tabernacle de ta gloire, afin de te chanter en pr\u00e9sence de tous les saints, et de proclamer d&rsquo;\u00e2me et de c\u0153ur que tes mis\u00e9ricordes pour moi ont \u00e9t\u00e9 magnifiques\u00a0? Quand est-ce que le filet de cette mort se brisera, pour que mon \u00e2me puisse te voir sans interm\u00e9diaire\u00a0?&#8230;<\/p>\n<p>Qui se rassasiera \u00e0 la vue de ta clart\u00e9\u00a0? Comment l&rsquo;\u0153il pourra-t-il suffire \u00e0 voir et l&rsquo;oreille \u00e0 entendre, dans l&rsquo;admiration de la gloire de ton visage\u00a0?<\/p>\n<p class=\"commentary-author font-2 ng-binding\">Sainte Gertrude d&rsquo;Helfta (1256-1301),\u00a0moniale b\u00e9n\u00e9dictine<\/p>\n<p>&nbsp;<\/p>\n<p>(R\u00e9f\u00e9rences bibliques\u00a0: Ps 83,3\u00a0; Ps 70,16\u00a0; Lc 1,47\u00a0; Is 61,10\u00a0; Ps 26,6\u00a0; Gn 19,19)<\/p>\n","protected":false},"excerpt":{"rendered":"<p>En toi, Dieu vivant, mon c\u0153ur et ma chair ont tressailli, et mon \u00e2me s&rsquo;est r\u00e9jouie en toi, mon vrai salut. Quand mes yeux te verront-ils, Dieu des dieux, mon Dieu\u00a0? Dieu de mon c\u0153ur, quand me r\u00e9jouiras-tu de la vue de la douceur de ton visage\u00a0? Quand combleras-tu le d\u00e9sir de mon \u00e2me par [&hellip;]<\/p>\n","protected":false},"author":2,"featured_media":0,"comment_status":"closed","ping_status":"closed","sticky":false,"template":"","format":"standard","meta":{"footnotes":""},"categories":[13,1261],"tags":[128,531,676,1095,1205],"class_list":["post-16959","post","type-post","status-publish","format-standard","hentry","category-ecritures","category-enseignement-2","tag-aveugle","tag-jericho","tag-miracle","tag-ste-gertrude","tag-vue"],"_links":{"self":[{"href":"https:\/\/www.associationdemarie.org\/blog\/wp-json\/wp\/v2\/posts\/16959","targetHints":{"allow":["GET"]}}],"collection":[{"href":"https:\/\/www.associationdemarie.org\/blog\/wp-json\/wp\/v2\/posts"}],"about":[{"href":"https:\/\/www.associationdemarie.org\/blog\/wp-json\/wp\/v2\/types\/post"}],"author":[{"embeddable":true,"href":"https:\/\/www.associationdemarie.org\/blog\/wp-json\/wp\/v2\/users\/2"}],"replies":[{"embeddable":true,"href":"https:\/\/www.associationdemarie.org\/blog\/wp-json\/wp\/v2\/comments?post=16959"}],"version-history":[{"count":2,"href":"https:\/\/www.associationdemarie.org\/blog\/wp-json\/wp\/v2\/posts\/16959\/revisions"}],"predecessor-version":[{"id":16962,"href":"https:\/\/www.associationdemarie.org\/blog\/wp-json\/wp\/v2\/posts\/16959\/revisions\/16962"}],"wp:attachment":[{"href":"https:\/\/www.associationdemarie.org\/blog\/wp-json\/wp\/v2\/media?parent=16959"}],"wp:term":[{"taxonomy":"category","embeddable":true,"href":"https:\/\/www.associationdemarie.org\/blog\/wp-json\/wp\/v2\/categories?post=16959"},{"taxonomy":"post_tag","embeddable":true,"href":"https:\/\/www.associationdemarie.org\/blog\/wp-json\/wp\/v2\/tags?post=16959"}],"curies":[{"name":"wp","href":"https:\/\/api.w.org\/{rel}","templated":true}]}}