{"id":16886,"date":"2018-10-09T01:19:42","date_gmt":"2018-10-09T00:19:42","guid":{"rendered":"http:\/\/www.associationdemarie.org\/blog\/?p=16886"},"modified":"2018-09-25T20:08:25","modified_gmt":"2018-09-25T19:08:25","slug":"marie-se-tenant-assise-aux-pieds-du-seigneur-ecoutait-sa-parole","status":"publish","type":"post","link":"https:\/\/www.associationdemarie.org\/blog\/marie-se-tenant-assise-aux-pieds-du-seigneur-ecoutait-sa-parole\/","title":{"rendered":"\u00ab Marie, se tenant assise aux pieds du Seigneur, \u00e9coutait sa parole. \u00bb"},"content":{"rendered":"<p><img loading=\"lazy\" decoding=\"async\" class=\"aligncenter wp-image-16887\" src=\"https:\/\/www.associationdemarie.org\/blog\/wp-content\/uploads\/2018\/09\/marthe-marie-et-jesus.jpg\" alt=\"\" width=\"448\" height=\"336\" srcset=\"https:\/\/www.associationdemarie.org\/blog\/wp-content\/uploads\/2018\/09\/marthe-marie-et-jesus.jpg 1024w, https:\/\/www.associationdemarie.org\/blog\/wp-content\/uploads\/2018\/09\/marthe-marie-et-jesus-300x225.jpg 300w, https:\/\/www.associationdemarie.org\/blog\/wp-content\/uploads\/2018\/09\/marthe-marie-et-jesus-768x576.jpg 768w\" sizes=\"auto, (max-width: 448px) 100vw, 448px\" \/><\/p>\n<p>Pour que rien ne me sorte du beau silence du dedans, [je garderai] toujours la m\u00eame condition, le m\u00eame isolement, la m\u00eame s\u00e9paration, le m\u00eame d\u00e9pouillement. Si mes d\u00e9sirs, mes craintes, mes joies ou mes douleurs&#8230; ne sont pas parfaitement ordonn\u00e9s \u00e0 Dieu, je ne serai pas solitaire, il y aura du bruit en moi\u00a0; il faut donc l&rsquo;apaisement, le \u00ab\u00a0sommeil des puissances\u00a0\u00bb, l&rsquo;unit\u00e9 de l&rsquo;\u00eatre. \u00ab\u00a0\u00c9coute, ma fille, pr\u00eate l&rsquo;oreille, oublie ton peuple et la maison de ton p\u00e8re, et le Roi sera \u00e9pris de ta beaut\u00e9\u00a0\u00bb (Ps 44,11-12)&#8230; \u00ab\u00a0Oublier son peuple\u00a0\u00bb c&rsquo;est difficile, il me semble\u00a0; car ce peuple c&rsquo;est tout ce monde qui fait pour ainsi dire partie de nous-m\u00eames\u00a0: c&rsquo;est la sensibilit\u00e9, les souvenirs, les impressions, etc. &#8230; Quand l&rsquo;\u00e2me a fait cette rupture, quand elle est libre de tout cela, le Roi est \u00e9pris de sa beaut\u00e9&#8230; Le Cr\u00e9ateur, en voyant le beau silence qui r\u00e8gne en sa cr\u00e9ature, en la consid\u00e9rant toute recueillie&#8230;, la fait passer en cette solitude immense, infinie, en ce \u00ab\u00a0lieu spacieux\u00a0\u00bb chant\u00e9 par le proph\u00e8te (Ps 17,20) et qui n&rsquo;est autre que lui-m\u00eame&#8230; \u00ab\u00a0Je la conduirai dans la solitude et je lui parlerai au c\u0153ur.\u00a0\u00bb (Os 2,16) La voici, cette \u00e2me entr\u00e9e en cette vaste solitude o\u00f9 Dieu va se faire entendre\u00a0! \u00ab\u00a0Sa parole, dit saint Paul, est vivante et efficace, et plus p\u00e9n\u00e9trante qu&rsquo;aucun glaive \u00e0 deux tranchants\u00a0: elle atteint jusqu&rsquo;\u00e0 la division de l&rsquo;\u00e2me et de l&rsquo;esprit, jusque dans les jointures et dans les m\u0153lles.\u00a0\u00bb (He 4,12) C&rsquo;est donc elle directement qui ach\u00e8vera le travail du d\u00e9pouillement dans l&rsquo;\u00e2me&#8230; Mais ce n&rsquo;est pas tout de l&rsquo;entendre, cette parole, il faut la garder\u00a0! (Jn 14,23) Et c&rsquo;est en la gardant que l&rsquo;\u00e2me sera \u00ab\u00a0sanctifi\u00e9e dans la v\u00e9rit\u00e9\u00a0\u00bb (Jn 17,17)\u00a0; c&rsquo;est l\u00e0 le d\u00e9sir du Ma\u00eetre&#8230; \u00c0 celui qui garde sa parole, n&rsquo;a-t-il pas fait cette promesse\u00a0: \u00ab\u00a0Mon P\u00e8re l&rsquo;aimera, et nous viendrons \u00e0 lui et nous ferons en lui notre demeure\u00a0\u00bb\u00a0? (Jn 14,23) C&rsquo;est toute la Trinit\u00e9 qui habite dans l&rsquo;\u00e2me qui l&rsquo;aime en v\u00e9rit\u00e9, c&rsquo;est-\u00e0-dire en gardant sa parole.<\/p>\n<p class=\"commentary-author font-2 ng-binding\">Sainte \u00c9lisabeth de la Trinit\u00e9 (1880-1906),\u00a0carm\u00e9lite<\/p>\n<p>&nbsp;<\/p>\n<p>&nbsp;<\/p>\n<p>&nbsp;<\/p>\n<p>&nbsp;<\/p>\n","protected":false},"excerpt":{"rendered":"<p>Pour que rien ne me sorte du beau silence du dedans, [je garderai] toujours la m\u00eame condition, le m\u00eame isolement, la m\u00eame s\u00e9paration, le m\u00eame d\u00e9pouillement. Si mes d\u00e9sirs, mes craintes, mes joies ou mes douleurs&#8230; ne sont pas parfaitement ordonn\u00e9s \u00e0 Dieu, je ne serai pas solitaire, il y aura du bruit en moi\u00a0; [&hellip;]<\/p>\n","protected":false},"author":2,"featured_media":0,"comment_status":"closed","ping_status":"closed","sticky":false,"template":"","format":"standard","meta":{"footnotes":""},"categories":[13,1261,28],"tags":[536,646,1091],"class_list":["post-16886","post","type-post","status-publish","format-standard","hentry","category-ecritures","category-enseignement-2","category-saints-et-saintes","tag-jesus-christ","tag-marthe-et-marie","tag-ste-elisabeth"],"_links":{"self":[{"href":"https:\/\/www.associationdemarie.org\/blog\/wp-json\/wp\/v2\/posts\/16886","targetHints":{"allow":["GET"]}}],"collection":[{"href":"https:\/\/www.associationdemarie.org\/blog\/wp-json\/wp\/v2\/posts"}],"about":[{"href":"https:\/\/www.associationdemarie.org\/blog\/wp-json\/wp\/v2\/types\/post"}],"author":[{"embeddable":true,"href":"https:\/\/www.associationdemarie.org\/blog\/wp-json\/wp\/v2\/users\/2"}],"replies":[{"embeddable":true,"href":"https:\/\/www.associationdemarie.org\/blog\/wp-json\/wp\/v2\/comments?post=16886"}],"version-history":[{"count":2,"href":"https:\/\/www.associationdemarie.org\/blog\/wp-json\/wp\/v2\/posts\/16886\/revisions"}],"predecessor-version":[{"id":16889,"href":"https:\/\/www.associationdemarie.org\/blog\/wp-json\/wp\/v2\/posts\/16886\/revisions\/16889"}],"wp:attachment":[{"href":"https:\/\/www.associationdemarie.org\/blog\/wp-json\/wp\/v2\/media?parent=16886"}],"wp:term":[{"taxonomy":"category","embeddable":true,"href":"https:\/\/www.associationdemarie.org\/blog\/wp-json\/wp\/v2\/categories?post=16886"},{"taxonomy":"post_tag","embeddable":true,"href":"https:\/\/www.associationdemarie.org\/blog\/wp-json\/wp\/v2\/tags?post=16886"}],"curies":[{"name":"wp","href":"https:\/\/api.w.org\/{rel}","templated":true}]}}