{"id":16855,"date":"2018-10-02T01:21:45","date_gmt":"2018-10-02T00:21:45","guid":{"rendered":"http:\/\/www.associationdemarie.org\/blog\/?p=16855"},"modified":"2018-09-16T18:23:28","modified_gmt":"2018-09-16T17:23:28","slug":"fete-des-sts-anges-gardiens","status":"publish","type":"post","link":"https:\/\/www.associationdemarie.org\/blog\/fete-des-sts-anges-gardiens\/","title":{"rendered":"F\u00eate des Sts Anges Gardiens"},"content":{"rendered":"<p><img loading=\"lazy\" decoding=\"async\" class=\"aligncenter  wp-image-16856\" src=\"https:\/\/www.associationdemarie.org\/blog\/wp-content\/uploads\/2018\/09\/c1658192.jpg\" alt=\"\" width=\"366\" height=\"450\" srcset=\"https:\/\/www.associationdemarie.org\/blog\/wp-content\/uploads\/2018\/09\/c1658192.jpg 600w, https:\/\/www.associationdemarie.org\/blog\/wp-content\/uploads\/2018\/09\/c1658192-244x300.jpg 244w\" sizes=\"auto, (max-width: 366px) 100vw, 366px\" \/><\/p>\n<p>Mes filles, vous qui vous occupez des petits enfants, quelle place tenez-vous aupr\u00e8s de ces petits\u00a0? Vous \u00eates en quelque fa\u00e7on leurs bons anges. Eh quoi ! mes filles, d\u00e9daigneriez-vous de vous trouver aupr\u00e8s de ces pauvres petits enfants, alors que leurs bons anges s&rsquo;estiment heureux d&rsquo;y \u00eatre continuellement\u00a0! S&rsquo;ils voient Dieu, c&rsquo;est de ce lieu-l\u00e0\u00a0; s&rsquo;ils le glorifient, c&rsquo;est d&rsquo;aupr\u00e8s de ces petits enfants\u00a0; s&rsquo;ils re\u00e7oivent ses commandements, c&rsquo;est l\u00e0 encore. Ce sont eux qui \u00e9l\u00e8vent vers Dieu la gloire que lui rendent ces petits \u00eatres par leurs petits cris et leurs gazouillements. Et ils s&rsquo;estiment tr\u00e8s honor\u00e9s de leur rendre ces services. \u00d4 mes filles, usez-en de la sorte, puisque vous \u00eates, avec ses glorieux esprits, commises au soin de ces enfants.<\/p>\n<p class=\"commentary-author font-2 ng-binding\">Saint Vincent de Paul (1581-1660),\u00a0pr\u00eatre, fondateur de communaut\u00e9s religieuses<\/p>\n<p>&nbsp;<\/p>\n<p>&nbsp;<\/p>\n<p>&nbsp;<\/p>\n<p>&nbsp;<\/p>\n<p>&nbsp;<\/p>\n<p>&nbsp;<\/p>\n","protected":false},"excerpt":{"rendered":"<p>Mes filles, vous qui vous occupez des petits enfants, quelle place tenez-vous aupr\u00e8s de ces petits\u00a0? Vous \u00eates en quelque fa\u00e7on leurs bons anges. Eh quoi ! mes filles, d\u00e9daigneriez-vous de vous trouver aupr\u00e8s de ces pauvres petits enfants, alors que leurs bons anges s&rsquo;estiment heureux d&rsquo;y \u00eatre continuellement\u00a0! S&rsquo;ils voient Dieu, c&rsquo;est de ce [&hellip;]<\/p>\n","protected":false},"author":2,"featured_media":0,"comment_status":"closed","ping_status":"closed","sticky":false,"template":"","format":"standard","meta":{"footnotes":""},"categories":[1261,28],"tags":[1084,1114],"class_list":["post-16855","post","type-post","status-publish","format-standard","hentry","category-enseignement-2","category-saints-et-saintes","tag-st-vincent-de-paul","tag-sts-anges-gardiens"],"_links":{"self":[{"href":"https:\/\/www.associationdemarie.org\/blog\/wp-json\/wp\/v2\/posts\/16855","targetHints":{"allow":["GET"]}}],"collection":[{"href":"https:\/\/www.associationdemarie.org\/blog\/wp-json\/wp\/v2\/posts"}],"about":[{"href":"https:\/\/www.associationdemarie.org\/blog\/wp-json\/wp\/v2\/types\/post"}],"author":[{"embeddable":true,"href":"https:\/\/www.associationdemarie.org\/blog\/wp-json\/wp\/v2\/users\/2"}],"replies":[{"embeddable":true,"href":"https:\/\/www.associationdemarie.org\/blog\/wp-json\/wp\/v2\/comments?post=16855"}],"version-history":[{"count":1,"href":"https:\/\/www.associationdemarie.org\/blog\/wp-json\/wp\/v2\/posts\/16855\/revisions"}],"predecessor-version":[{"id":16857,"href":"https:\/\/www.associationdemarie.org\/blog\/wp-json\/wp\/v2\/posts\/16855\/revisions\/16857"}],"wp:attachment":[{"href":"https:\/\/www.associationdemarie.org\/blog\/wp-json\/wp\/v2\/media?parent=16855"}],"wp:term":[{"taxonomy":"category","embeddable":true,"href":"https:\/\/www.associationdemarie.org\/blog\/wp-json\/wp\/v2\/categories?post=16855"},{"taxonomy":"post_tag","embeddable":true,"href":"https:\/\/www.associationdemarie.org\/blog\/wp-json\/wp\/v2\/tags?post=16855"}],"curies":[{"name":"wp","href":"https:\/\/api.w.org\/{rel}","templated":true}]}}