{"id":16849,"date":"2018-09-30T01:32:53","date_gmt":"2018-09-30T00:32:53","guid":{"rendered":"http:\/\/www.associationdemarie.org\/blog\/?p=16849"},"modified":"2018-09-14T19:34:57","modified_gmt":"2018-09-14T18:34:57","slug":"il-nest-pas-de-ceux-qui-nous-suivent-les-divisions-font-trebucher-les-petits","status":"publish","type":"post","link":"https:\/\/www.associationdemarie.org\/blog\/il-nest-pas-de-ceux-qui-nous-suivent-les-divisions-font-trebucher-les-petits\/","title":{"rendered":"\u00ab Il n&rsquo;est pas de ceux qui nous suivent. \u00bb : les divisions font tr\u00e9bucher les petits."},"content":{"rendered":"<p><img loading=\"lazy\" decoding=\"async\" class=\"aligncenter  wp-image-16850\" src=\"https:\/\/www.associationdemarie.org\/blog\/wp-content\/uploads\/2018\/09\/jhhjgjhghjgjhgjhghg.jpg\" alt=\"\" width=\"469\" height=\"202\" srcset=\"https:\/\/www.associationdemarie.org\/blog\/wp-content\/uploads\/2018\/09\/jhhjgjhghjgjhgjhghg.jpg 696w, https:\/\/www.associationdemarie.org\/blog\/wp-content\/uploads\/2018\/09\/jhhjgjhghjgjhgjhghg-300x129.jpg 300w\" sizes=\"auto, (max-width: 469px) 100vw, 469px\" \/><\/p>\n<p>\u00ab\u00a0Ayez tous un m\u00eame langage\u00a0; qu&rsquo;il n&rsquo;y ait pas de schismes parmi vous\u00a0\u00bb (1Co 1,10). Les diverses parties de l&rsquo;\u00c9glise ne sont plus enti\u00e8res quand une souffre et meurt. Si toutes les \u00c9glises \u00e9taient \u00e0 elles seules un corps complet, il y aurait des assembl\u00e9es ou r\u00e9unions nombreuses\u00a0; mais elle forme un seul corps et le schisme d\u00e9truit son unit\u00e9&#8230; Apr\u00e8s avoir d\u00e9nonc\u00e9 ce mal en utilisant ce mot amer de \u00ab\u00a0schisme\u00a0\u00bb, l&rsquo;ap\u00f4tre Paul adoucit en ajoutant\u00a0: \u00ab\u00a0Soyez tous unis dans le m\u00eame esprit et dans le m\u00eame sentiment.\u00a0\u00bb Il ne s&rsquo;agit pas seulement d&rsquo;un accord de paroles mais d&rsquo;une union de pens\u00e9e et de sentiments. Et comme il peut arriver qu&rsquo;on soit unis sur un point mais divis\u00e9s sur d&rsquo;autres, Paul insiste\u00a0: \u00ab\u00a0Soyez unis d&rsquo;une mani\u00e8re parfaite\u00a0\u00bb&#8230;, parfaits dans la charit\u00e9. On peut \u00eatre unis de pens\u00e9e et divis\u00e9s dans l&rsquo;action, avoir une m\u00eame foi et ne plus \u00eatre li\u00e9s par une m\u00eame charit\u00e9. C&rsquo;est ce qui arrivait \u00e0 Corinthe, o\u00f9 les uns s&rsquo;attachaient \u00e0 tel ma\u00eetre, les autres \u00e0 tel autre. Paul ne leur reproche pas des diff\u00e9rences de la foi, mais leurs mani\u00e8res d&rsquo;agir, des rivalit\u00e9s humaines&#8230;\u00a0: \u00ab\u00a0Que m&rsquo;a-t-on appris\u00a0? Qu&rsquo;il y a des contestations parmi vous\u00a0! &#8230; Le Christ est-il divis\u00e9\u00a0?\u00a0\u00bb (1Co 1,13)<\/p>\n<p class=\"commentary-author font-2 ng-binding\">Saint Jean Chrysostome (v. 345-407),\u00a0pr\u00eatre \u00e0 Antioche puis \u00e9v\u00eaque de Constantinople, docteur de l&rsquo;\u00c9glise<\/p>\n<p>&nbsp;<\/p>\n<p>&nbsp;<\/p>\n<p>&nbsp;<\/p>\n<p>&nbsp;<\/p>\n","protected":false},"excerpt":{"rendered":"<p>\u00ab\u00a0Ayez tous un m\u00eame langage\u00a0; qu&rsquo;il n&rsquo;y ait pas de schismes parmi vous\u00a0\u00bb (1Co 1,10). Les diverses parties de l&rsquo;\u00c9glise ne sont plus enti\u00e8res quand une souffre et meurt. Si toutes les \u00c9glises \u00e9taient \u00e0 elles seules un corps complet, il y aurait des assembl\u00e9es ou r\u00e9unions nombreuses\u00a0; mais elle forme un seul corps et [&hellip;]<\/p>\n","protected":false},"author":2,"featured_media":0,"comment_status":"closed","ping_status":"closed","sticky":false,"template":"","format":"standard","meta":{"footnotes":""},"categories":[13,1261],"tags":[1504,1043,1068],"class_list":["post-16849","post","type-post","status-publish","format-standard","hentry","category-ecritures","category-enseignement-2","tag-division","tag-st-jean-chrysostome","tag-st-paul"],"_links":{"self":[{"href":"https:\/\/www.associationdemarie.org\/blog\/wp-json\/wp\/v2\/posts\/16849","targetHints":{"allow":["GET"]}}],"collection":[{"href":"https:\/\/www.associationdemarie.org\/blog\/wp-json\/wp\/v2\/posts"}],"about":[{"href":"https:\/\/www.associationdemarie.org\/blog\/wp-json\/wp\/v2\/types\/post"}],"author":[{"embeddable":true,"href":"https:\/\/www.associationdemarie.org\/blog\/wp-json\/wp\/v2\/users\/2"}],"replies":[{"embeddable":true,"href":"https:\/\/www.associationdemarie.org\/blog\/wp-json\/wp\/v2\/comments?post=16849"}],"version-history":[{"count":1,"href":"https:\/\/www.associationdemarie.org\/blog\/wp-json\/wp\/v2\/posts\/16849\/revisions"}],"predecessor-version":[{"id":16851,"href":"https:\/\/www.associationdemarie.org\/blog\/wp-json\/wp\/v2\/posts\/16849\/revisions\/16851"}],"wp:attachment":[{"href":"https:\/\/www.associationdemarie.org\/blog\/wp-json\/wp\/v2\/media?parent=16849"}],"wp:term":[{"taxonomy":"category","embeddable":true,"href":"https:\/\/www.associationdemarie.org\/blog\/wp-json\/wp\/v2\/categories?post=16849"},{"taxonomy":"post_tag","embeddable":true,"href":"https:\/\/www.associationdemarie.org\/blog\/wp-json\/wp\/v2\/tags?post=16849"}],"curies":[{"name":"wp","href":"https:\/\/api.w.org\/{rel}","templated":true}]}}