{"id":16845,"date":"2018-09-29T01:22:13","date_gmt":"2018-09-29T00:22:13","guid":{"rendered":"http:\/\/www.associationdemarie.org\/blog\/?p=16845"},"modified":"2018-09-14T05:23:50","modified_gmt":"2018-09-14T04:23:50","slug":"fete-des-saints-michel-gabriel-et-raphael-archanges-3","status":"publish","type":"post","link":"https:\/\/www.associationdemarie.org\/blog\/fete-des-saints-michel-gabriel-et-raphael-archanges-3\/","title":{"rendered":"F\u00eate des saints Michel, Gabriel et Rapha\u00ebl, archanges"},"content":{"rendered":"<p><img loading=\"lazy\" decoding=\"async\" class=\"aligncenter  wp-image-16846\" src=\"https:\/\/www.associationdemarie.org\/blog\/wp-content\/uploads\/2018\/09\/0422352e.jpg\" alt=\"\" width=\"445\" height=\"402\" srcset=\"https:\/\/www.associationdemarie.org\/blog\/wp-content\/uploads\/2018\/09\/0422352e.jpg 600w, https:\/\/www.associationdemarie.org\/blog\/wp-content\/uploads\/2018\/09\/0422352e-300x271.jpg 300w\" sizes=\"auto, (max-width: 445px) 100vw, 445px\" \/><\/p>\n<p>\u00ab\u00a0Je crois en un seul Dieu&#8230;, cr\u00e9ateur de ciel et de la terre, de l&rsquo;univers visible et invisible.\u00a0\u00bb L&rsquo;existence des \u00eatres spirituels, non corporels, que l&rsquo;\u00c9criture Sainte nomme habituellement anges, est une v\u00e9rit\u00e9 de foi. Le t\u00e9moignage de l&rsquo;\u00c9criture est aussi net que l&rsquo;unanimit\u00e9 de la Tradition. St Augustin dit \u00e0 leur sujet\u00a0: \u00ab\u00a0Ange d\u00e9signe la fonction non pas la nature. Tu demandes comment s&rsquo;appelle cette nature\u00a0? \u2014 Esprit. Tu demandes la fonction\u00a0? \u2013- Ange. D&rsquo;apr\u00e8s ce qu&rsquo;il est, c&rsquo;est un esprit, d&rsquo;apr\u00e8s ce qu&rsquo;il fait, c&rsquo;est un ange.\u00a0\u00bb De tout leur \u00eatre, les anges sont serviteurs et messagers de Dieu. Parce qu&rsquo;ils contemplent \u00ab\u00a0constamment la face de mon P\u00e8re qui est aux cieux\u00a0\u00bb (Mt 18,10), ils sont \u00ab\u00a0les ouvriers de sa parole, attentifs au son de sa parole\u00a0\u00bb (Ps 103,20). En tant que cr\u00e9atures purement spirituelles, ils ont intelligence et volont\u00e9\u00a0; ils sont des cr\u00e9atures personnelles et immortelles. Ils d\u00e9passent en perfection toutes les cr\u00e9atures visibles. L&rsquo;\u00e9clat de leur gloire en t\u00e9moigne (cf Dn 10,9). Le Christ est le centre du monde ang\u00e9lique. Ce sont ses anges \u00e0 lui\u00a0: \u00ab\u00a0Quand le Fils de l&rsquo;homme viendra dans sa gloire avec tous ses anges\u00a0\u00bb (Mt 25,31). Ils sont \u00e0 lui parce que cr\u00e9\u00e9s par et pour lui\u00a0: \u00ab\u00a0Car c&rsquo;est en lui qu&rsquo;ont \u00e9t\u00e9 cr\u00e9\u00e9es toutes choses, dans les cieux et sur la terre, les visibles et les invisibles\u00a0: tr\u00f4nes, seigneuries, principaut\u00e9s, puissances\u00a0; tout a \u00e9t\u00e9 cr\u00e9\u00e9 par lui et pour lui\u00a0\u00bb (Col 1,16). Ils sont \u00e0 lui plus encore parce qu&rsquo;il les a faits messagers de son dessein de salut\u00a0: \u00ab\u00a0Est-ce que tous ne sont pas des esprits charg\u00e9s d&rsquo;un minist\u00e8re, envoy\u00e9s en service pour ceux qui doivent h\u00e9riter le salut\u00a0?\u00a0\u00bb (He 1,14) Ils sont l\u00e0, d\u00e8s la cr\u00e9ation et tout au long de l&rsquo;histoire du salut, annon\u00e7ant de loin ou de pr\u00e8s ce salut et servant le dessein divin de sa r\u00e9alisation.<\/p>\n<p class=\"commentary-author font-2 ng-binding\">Cat\u00e9chisme de l&rsquo;\u00c9glise catholique<\/p>\n<p>&nbsp;<\/p>\n<p>&nbsp;<\/p>\n<p>&nbsp;<\/p>\n","protected":false},"excerpt":{"rendered":"<p>\u00ab\u00a0Je crois en un seul Dieu&#8230;, cr\u00e9ateur de ciel et de la terre, de l&rsquo;univers visible et invisible.\u00a0\u00bb L&rsquo;existence des \u00eatres spirituels, non corporels, que l&rsquo;\u00c9criture Sainte nomme habituellement anges, est une v\u00e9rit\u00e9 de foi. Le t\u00e9moignage de l&rsquo;\u00c9criture est aussi net que l&rsquo;unanimit\u00e9 de la Tradition. St Augustin dit \u00e0 leur sujet\u00a0: \u00ab\u00a0Ange d\u00e9signe [&hellip;]<\/p>\n","protected":false},"author":2,"featured_media":0,"comment_status":"closed","ping_status":"closed","sticky":false,"template":"","format":"standard","meta":{"footnotes":""},"categories":[13,28],"tags":[93,94,95],"class_list":["post-16845","post","type-post","status-publish","format-standard","hentry","category-ecritures","category-saints-et-saintes","tag-archange-gabriel","tag-archange-raphael","tag-archange-st-michel"],"_links":{"self":[{"href":"https:\/\/www.associationdemarie.org\/blog\/wp-json\/wp\/v2\/posts\/16845","targetHints":{"allow":["GET"]}}],"collection":[{"href":"https:\/\/www.associationdemarie.org\/blog\/wp-json\/wp\/v2\/posts"}],"about":[{"href":"https:\/\/www.associationdemarie.org\/blog\/wp-json\/wp\/v2\/types\/post"}],"author":[{"embeddable":true,"href":"https:\/\/www.associationdemarie.org\/blog\/wp-json\/wp\/v2\/users\/2"}],"replies":[{"embeddable":true,"href":"https:\/\/www.associationdemarie.org\/blog\/wp-json\/wp\/v2\/comments?post=16845"}],"version-history":[{"count":2,"href":"https:\/\/www.associationdemarie.org\/blog\/wp-json\/wp\/v2\/posts\/16845\/revisions"}],"predecessor-version":[{"id":16848,"href":"https:\/\/www.associationdemarie.org\/blog\/wp-json\/wp\/v2\/posts\/16845\/revisions\/16848"}],"wp:attachment":[{"href":"https:\/\/www.associationdemarie.org\/blog\/wp-json\/wp\/v2\/media?parent=16845"}],"wp:term":[{"taxonomy":"category","embeddable":true,"href":"https:\/\/www.associationdemarie.org\/blog\/wp-json\/wp\/v2\/categories?post=16845"},{"taxonomy":"post_tag","embeddable":true,"href":"https:\/\/www.associationdemarie.org\/blog\/wp-json\/wp\/v2\/tags?post=16845"}],"curies":[{"name":"wp","href":"https:\/\/api.w.org\/{rel}","templated":true}]}}