{"id":16841,"date":"2018-09-28T01:17:05","date_gmt":"2018-09-28T00:17:05","guid":{"rendered":"http:\/\/www.associationdemarie.org\/blog\/?p=16841"},"modified":"2018-09-13T05:22:00","modified_gmt":"2018-09-13T04:22:00","slug":"quand-jaurai-ete-eleve-de-terre-jattirerai-a-moi-tous-les-hommes-il-signifiait-par-la-de-quel-genre-de-mort-il-allait-mourir-jn-12-32-33","status":"publish","type":"post","link":"https:\/\/www.associationdemarie.org\/blog\/quand-jaurai-ete-eleve-de-terre-jattirerai-a-moi-tous-les-hommes-il-signifiait-par-la-de-quel-genre-de-mort-il-allait-mourir-jn-12-32-33\/","title":{"rendered":"\u00ab &lsquo;Quand j&rsquo;aurai \u00e9t\u00e9 \u00e9lev\u00e9 de terre, j&rsquo;attirerai \u00e0 moi tous les hommes.&rsquo; Il signifiait par l\u00e0 de quel genre de mort il allait mourir. \u00bb (Jn 12 ,32-33)"},"content":{"rendered":"<p><img loading=\"lazy\" decoding=\"async\" class=\"aligncenter  wp-image-16842\" src=\"https:\/\/www.associationdemarie.org\/blog\/wp-content\/uploads\/2018\/09\/ob_c5e898_ste-mere-ste-therese.jpg\" alt=\"\" width=\"446\" height=\"444\" srcset=\"https:\/\/www.associationdemarie.org\/blog\/wp-content\/uploads\/2018\/09\/ob_c5e898_ste-mere-ste-therese.jpg 512w, https:\/\/www.associationdemarie.org\/blog\/wp-content\/uploads\/2018\/09\/ob_c5e898_ste-mere-ste-therese-150x150.jpg 150w, https:\/\/www.associationdemarie.org\/blog\/wp-content\/uploads\/2018\/09\/ob_c5e898_ste-mere-ste-therese-300x300.jpg 300w\" sizes=\"auto, (max-width: 446px) 100vw, 446px\" \/><\/p>\n<p>Il est sur cette terre<\/p>\n<p>Un Arbre merveilleux<\/p>\n<p>Sa racine, \u00f4 myst\u00e8re\u00a0!<\/p>\n<p>Se trouve dans les cieux.<\/p>\n<p>&nbsp;<\/p>\n<p>Jamais sous son ombrage<\/p>\n<p>Rien ne saurait blesser\u00a0;<\/p>\n<p>L\u00e0, sans craindre l&rsquo;orage<\/p>\n<p>On peut se reposer.<\/p>\n<p>&nbsp;<\/p>\n<p>De cet Arbre ineffable<\/p>\n<p>L&rsquo;Amour voil\u00e0 le nom,<\/p>\n<p>Et son fruit d\u00e9lectable<\/p>\n<p>S&rsquo;appelle l&rsquo;abandon.<\/p>\n<p>&nbsp;<\/p>\n<p>Ce fruit d\u00e8s cette vie<\/p>\n<p>Me donne le bonheur\u00a0;<\/p>\n<p>Mon \u00e2me est r\u00e9jouie<\/p>\n<p>Par sa divine odeur.<\/p>\n<p>&nbsp;<\/p>\n<p>Ce fruit, quand je le touche,<\/p>\n<p>Me para\u00eet un tr\u00e9sor\u00a0;<\/p>\n<p>Le portant \u00e0 ma bouche,<\/p>\n<p>Il m&rsquo;est plus doux encor.<\/p>\n<p>&nbsp;<\/p>\n<p>Il me donne en ce monde<\/p>\n<p>Un oc\u00e9an de paix\u00a0;<\/p>\n<p>En cette paix profonde<\/p>\n<p>Je repose \u00e0 jamais.<\/p>\n<p>&nbsp;<\/p>\n<p>Seul l&rsquo;abandon me livre<\/p>\n<p>En tes bras, \u00f4 J\u00e9sus.<\/p>\n<p>C&rsquo;est lui qui me fait vivre<\/p>\n<p>De la vie des \u00e9lus.<\/p>\n<p>&nbsp;<\/p>\n<p class=\"commentary-author font-2 ng-binding\">Sainte Th\u00e9r\u00e8se de l&rsquo;Enfant J\u00e9sus (1873-1897),\u00a0carm\u00e9lite, docteur de l&rsquo;\u00c9glise<\/p>\n<p>&nbsp;<\/p>\n<p>&nbsp;<\/p>\n<p>&nbsp;<\/p>\n","protected":false},"excerpt":{"rendered":"<p>Il est sur cette terre Un Arbre merveilleux Sa racine, \u00f4 myst\u00e8re\u00a0! Se trouve dans les cieux. &nbsp; Jamais sous son ombrage Rien ne saurait blesser\u00a0; L\u00e0, sans craindre l&rsquo;orage On peut se reposer. &nbsp; De cet Arbre ineffable L&rsquo;Amour voil\u00e0 le nom, Et son fruit d\u00e9lectable S&rsquo;appelle l&rsquo;abandon. &nbsp; Ce fruit d\u00e8s cette vie [&hellip;]<\/p>\n","protected":false},"author":2,"featured_media":0,"comment_status":"closed","ping_status":"closed","sticky":false,"template":"","format":"standard","meta":{"footnotes":""},"categories":[26,28],"tags":[830,1107],"class_list":["post-16841","post","type-post","status-publish","format-standard","hentry","category-priere-des-ames","category-saints-et-saintes","tag-priere","tag-ste-therese"],"_links":{"self":[{"href":"https:\/\/www.associationdemarie.org\/blog\/wp-json\/wp\/v2\/posts\/16841","targetHints":{"allow":["GET"]}}],"collection":[{"href":"https:\/\/www.associationdemarie.org\/blog\/wp-json\/wp\/v2\/posts"}],"about":[{"href":"https:\/\/www.associationdemarie.org\/blog\/wp-json\/wp\/v2\/types\/post"}],"author":[{"embeddable":true,"href":"https:\/\/www.associationdemarie.org\/blog\/wp-json\/wp\/v2\/users\/2"}],"replies":[{"embeddable":true,"href":"https:\/\/www.associationdemarie.org\/blog\/wp-json\/wp\/v2\/comments?post=16841"}],"version-history":[{"count":2,"href":"https:\/\/www.associationdemarie.org\/blog\/wp-json\/wp\/v2\/posts\/16841\/revisions"}],"predecessor-version":[{"id":16844,"href":"https:\/\/www.associationdemarie.org\/blog\/wp-json\/wp\/v2\/posts\/16841\/revisions\/16844"}],"wp:attachment":[{"href":"https:\/\/www.associationdemarie.org\/blog\/wp-json\/wp\/v2\/media?parent=16841"}],"wp:term":[{"taxonomy":"category","embeddable":true,"href":"https:\/\/www.associationdemarie.org\/blog\/wp-json\/wp\/v2\/categories?post=16841"},{"taxonomy":"post_tag","embeddable":true,"href":"https:\/\/www.associationdemarie.org\/blog\/wp-json\/wp\/v2\/tags?post=16841"}],"curies":[{"name":"wp","href":"https:\/\/api.w.org\/{rel}","templated":true}]}}