{"id":16822,"date":"2018-09-23T01:33:29","date_gmt":"2018-09-23T00:33:29","guid":{"rendered":"http:\/\/www.associationdemarie.org\/blog\/?p=16822"},"modified":"2018-09-05T11:38:07","modified_gmt":"2018-09-05T10:38:07","slug":"st-pio-de-pietrelcina","status":"publish","type":"post","link":"https:\/\/www.associationdemarie.org\/blog\/st-pio-de-pietrelcina\/","title":{"rendered":"St Padre Pio de Pietrelcina"},"content":{"rendered":"<p>&nbsp;<\/p>\n<p><img loading=\"lazy\" decoding=\"async\" class=\"aligncenter size-full wp-image-16823\" src=\"https:\/\/www.associationdemarie.org\/blog\/wp-content\/uploads\/2018\/09\/San_Pio_da_Pietrelcina-Francesco_Forgione-AB.jpg\" alt=\"\" width=\"330\" height=\"492\" srcset=\"https:\/\/www.associationdemarie.org\/blog\/wp-content\/uploads\/2018\/09\/San_Pio_da_Pietrelcina-Francesco_Forgione-AB.jpg 330w, https:\/\/www.associationdemarie.org\/blog\/wp-content\/uploads\/2018\/09\/San_Pio_da_Pietrelcina-Francesco_Forgione-AB-201x300.jpg 201w\" sizes=\"auto, (max-width: 330px) 100vw, 330px\" \/><\/p>\n<p>&nbsp;<\/p>\n<p>La majest\u00e9 du Fils de Dieu n&rsquo;avait pas d\u00e9daign\u00e9 l&rsquo;\u00e9tat d&rsquo;enfance. Mais l&rsquo;enfant a grandi avec l&rsquo;\u00e2ge jusqu&rsquo;\u00e0 la stature de l&rsquo;homme parfait\u00a0; puis, lorsqu&rsquo;il a pleinement accompli le triomphe de sa passion et de sa r\u00e9surrection, toutes les actions de la condition humili\u00e9e qu&rsquo;il avait adopt\u00e9e pour l&rsquo;amour de nous sont devenues du pass\u00e9. Pourtant la f\u00eate de sa nativit\u00e9 renouvelle pour nous les premiers instants de J\u00e9sus, n\u00e9 de la Vierge Marie. Et lorsque nous adorons la naissance de notre Sauveur, il se trouve que nous c\u00e9l\u00e9brons notre propre origine. En effet, lorsque le Christ vient au monde, le peuple chr\u00e9tien commence\u00a0: l&rsquo;anniversaire de la t\u00eate, c&rsquo;est l&rsquo;anniversaire du corps. Sans doute, chacun de ceux qui sont appel\u00e9s le sont \u00e0 leur tour, et les fils de l&rsquo;\u00c9glise apparaissent \u00e0 des \u00e9poques diff\u00e9rentes. Pourtant, puisque les fid\u00e8les dans leur totalit\u00e9, n\u00e9s de la source du bapt\u00eame, ont \u00e9t\u00e9 crucifi\u00e9s avec le Christ dans sa passion, ressuscit\u00e9s dans sa r\u00e9surrection, \u00e9tablis \u00e0 la droite du P\u00e8re dans son ascension, ils sont n\u00e9s avec lui en sa nativit\u00e9. Tout croyant, de n&rsquo;importe quelle partie du monde, qui rena\u00eet dans le Christ, apr\u00e8s avoir abandonn\u00e9 le chemin de p\u00e9ch\u00e9 qu&rsquo;il tenait de son origine, devient un homme nouveau par sa seconde naissance. Il n&rsquo;appartient plus \u00e0 la descendance de son p\u00e8re selon la chair, mais \u00e0 la race du Sauveur, car celui-ci est devenu Fils de l&rsquo;homme pour que nous puissions \u00eatre fils de Dieu.<\/p>\n<p class=\"commentary-author font-2 ng-binding\">Saint L\u00e9on le Grand (?-v. 461),\u00a0pape et docteur de l&rsquo;\u00c9glise<\/p>\n<p>&nbsp;<\/p>\n<p>&nbsp;<\/p>\n<p>&nbsp;<\/p>\n","protected":false},"excerpt":{"rendered":"<p>&nbsp; &nbsp; La majest\u00e9 du Fils de Dieu n&rsquo;avait pas d\u00e9daign\u00e9 l&rsquo;\u00e9tat d&rsquo;enfance. Mais l&rsquo;enfant a grandi avec l&rsquo;\u00e2ge jusqu&rsquo;\u00e0 la stature de l&rsquo;homme parfait\u00a0; puis, lorsqu&rsquo;il a pleinement accompli le triomphe de sa passion et de sa r\u00e9surrection, toutes les actions de la condition humili\u00e9e qu&rsquo;il avait adopt\u00e9e pour l&rsquo;amour de nous sont devenues [&hellip;]<\/p>\n","protected":false},"author":2,"featured_media":0,"comment_status":"closed","ping_status":"closed","sticky":false,"template":"","format":"standard","meta":{"footnotes":""},"categories":[13,1261,28],"tags":[350,487,1053,1067],"class_list":["post-16822","post","type-post","status-publish","format-standard","hentry","category-ecritures","category-enseignement-2","category-saints-et-saintes","tag-enfance","tag-humilite","tag-st-leon-le-grand","tag-st-padre-pio"],"_links":{"self":[{"href":"https:\/\/www.associationdemarie.org\/blog\/wp-json\/wp\/v2\/posts\/16822","targetHints":{"allow":["GET"]}}],"collection":[{"href":"https:\/\/www.associationdemarie.org\/blog\/wp-json\/wp\/v2\/posts"}],"about":[{"href":"https:\/\/www.associationdemarie.org\/blog\/wp-json\/wp\/v2\/types\/post"}],"author":[{"embeddable":true,"href":"https:\/\/www.associationdemarie.org\/blog\/wp-json\/wp\/v2\/users\/2"}],"replies":[{"embeddable":true,"href":"https:\/\/www.associationdemarie.org\/blog\/wp-json\/wp\/v2\/comments?post=16822"}],"version-history":[{"count":4,"href":"https:\/\/www.associationdemarie.org\/blog\/wp-json\/wp\/v2\/posts\/16822\/revisions"}],"predecessor-version":[{"id":16827,"href":"https:\/\/www.associationdemarie.org\/blog\/wp-json\/wp\/v2\/posts\/16822\/revisions\/16827"}],"wp:attachment":[{"href":"https:\/\/www.associationdemarie.org\/blog\/wp-json\/wp\/v2\/media?parent=16822"}],"wp:term":[{"taxonomy":"category","embeddable":true,"href":"https:\/\/www.associationdemarie.org\/blog\/wp-json\/wp\/v2\/categories?post=16822"},{"taxonomy":"post_tag","embeddable":true,"href":"https:\/\/www.associationdemarie.org\/blog\/wp-json\/wp\/v2\/tags?post=16822"}],"curies":[{"name":"wp","href":"https:\/\/api.w.org\/{rel}","templated":true}]}}