{"id":1679,"date":"2010-10-31T09:09:11","date_gmt":"2010-10-31T09:09:11","guid":{"rendered":"http:\/\/preprod.meltem-int.com\/marie\/blog\/?p=1679"},"modified":"2010-10-31T09:09:11","modified_gmt":"2010-10-31T09:09:11","slug":"dimanche-31-octobre","status":"publish","type":"post","link":"https:\/\/www.associationdemarie.org\/blog\/dimanche-31-octobre\/","title":{"rendered":"dimanche 31 octobre"},"content":{"rendered":"<p><a href=\"https:\/\/www.associationdemarie.org\/blog\/wp-content\/uploads\/2010\/10\/zachee.jpg\"><img loading=\"lazy\" decoding=\"async\" class=\"alignright size-full wp-image-1680\" title=\"zachee\" src=\"https:\/\/www.associationdemarie.org\/blog\/wp-content\/uploads\/2010\/10\/zachee.jpg\" alt=\"\" width=\"206\" height=\"242\" \/><\/a>\u201cJe le veux Zach\u00e9e. Viens. Je suis venu pour sauver et appeler \u00e0 la Lumi\u00e8re. Aujourd&rsquo;hui la Lumi\u00e8re et le Salut sont venus \u00e0 la maison de ton c\u0153ur. Ceux qui, au-del\u00e0 du portail, murmurent parce que je t&rsquo;ai rachet\u00e9 en m&rsquo;assoyant \u00e0 ton banquet, oublient que comme eux, tu es fils d&rsquo;Abraham et que je suis venu sauver ce qui \u00e9tait perdu et pour donner la Vie \u00e0 ceux dont l&rsquo;esprit \u00e9tait mort. Viens, Zach\u00e9e. Tu as compris ma parole mieux que beaucoup de ceux qui me suivent seulement pour pouvoir m&rsquo;accuser. Aussi, d\u00e9sormais, tu seras avec Moi.\u201d<\/p>\n<p>La vision se termine ainsi.<\/p>\n<p><span style=\"color: #ffffff;\">.<\/span><br \/>\n<em> Extrait de la Traduction de \u201cL\u2019\u00e9vangile tel qu\u2019il m\u2019a \u00e9t\u00e9 r\u00e9v\u00e9l\u00e9\u201d de Maria Valtorta \u00a9Centro Editoriale Valtortiano, Italie.<\/em><\/p>\n","protected":false},"excerpt":{"rendered":"<p>\u201cJe le veux Zach\u00e9e. Viens. Je suis venu pour sauver et appeler \u00e0 la Lumi\u00e8re. Aujourd&rsquo;hui la Lumi\u00e8re et le Salut sont venus \u00e0 la maison de ton c\u0153ur. Ceux qui, au-del\u00e0 du portail, murmurent parce que je t&rsquo;ai rachet\u00e9 en m&rsquo;assoyant \u00e0 ton banquet, oublient que comme eux, tu es fils d&rsquo;Abraham et que [&hellip;]<\/p>\n","protected":false},"author":2,"featured_media":0,"comment_status":"closed","ping_status":"closed","sticky":false,"template":"","format":"standard","meta":{"footnotes":""},"categories":[3,13,16,28],"tags":[32,1382,600,634,949,1184,1210],"class_list":["post-1679","post","type-post","status-publish","format-standard","hentry","category-liturgique","category-ecritures","category-jardins-de-la-bible","category-saints-et-saintes","tag-abraham","tag-ecritures","tag-lumiere","tag-maria-valtorta","tag-salut","tag-vie","tag-zachee"],"_links":{"self":[{"href":"https:\/\/www.associationdemarie.org\/blog\/wp-json\/wp\/v2\/posts\/1679","targetHints":{"allow":["GET"]}}],"collection":[{"href":"https:\/\/www.associationdemarie.org\/blog\/wp-json\/wp\/v2\/posts"}],"about":[{"href":"https:\/\/www.associationdemarie.org\/blog\/wp-json\/wp\/v2\/types\/post"}],"author":[{"embeddable":true,"href":"https:\/\/www.associationdemarie.org\/blog\/wp-json\/wp\/v2\/users\/2"}],"replies":[{"embeddable":true,"href":"https:\/\/www.associationdemarie.org\/blog\/wp-json\/wp\/v2\/comments?post=1679"}],"version-history":[{"count":0,"href":"https:\/\/www.associationdemarie.org\/blog\/wp-json\/wp\/v2\/posts\/1679\/revisions"}],"wp:attachment":[{"href":"https:\/\/www.associationdemarie.org\/blog\/wp-json\/wp\/v2\/media?parent=1679"}],"wp:term":[{"taxonomy":"category","embeddable":true,"href":"https:\/\/www.associationdemarie.org\/blog\/wp-json\/wp\/v2\/categories?post=1679"},{"taxonomy":"post_tag","embeddable":true,"href":"https:\/\/www.associationdemarie.org\/blog\/wp-json\/wp\/v2\/tags?post=1679"}],"curies":[{"name":"wp","href":"https:\/\/api.w.org\/{rel}","templated":true}]}}