{"id":16773,"date":"2018-09-11T01:51:51","date_gmt":"2018-09-11T00:51:51","guid":{"rendered":"http:\/\/www.associationdemarie.org\/blog\/?p=16773"},"modified":"2018-08-26T07:53:27","modified_gmt":"2018-08-26T06:53:27","slug":"jesus-sen-alla-dans-la-montagne-pour-prier","status":"publish","type":"post","link":"https:\/\/www.associationdemarie.org\/blog\/jesus-sen-alla-dans-la-montagne-pour-prier\/","title":{"rendered":"\u00ab J\u00e9sus s&rsquo;en alla dans la montagne pour prier. \u00bb"},"content":{"rendered":"<p><img loading=\"lazy\" decoding=\"async\" class=\"aligncenter  wp-image-16774\" src=\"https:\/\/www.associationdemarie.org\/blog\/wp-content\/uploads\/2018\/08\/artfichier_555580_7419792_201710283548654.jpg\" alt=\"\" width=\"475\" height=\"333\" srcset=\"https:\/\/www.associationdemarie.org\/blog\/wp-content\/uploads\/2018\/08\/artfichier_555580_7419792_201710283548654.jpg 900w, https:\/\/www.associationdemarie.org\/blog\/wp-content\/uploads\/2018\/08\/artfichier_555580_7419792_201710283548654-300x210.jpg 300w, https:\/\/www.associationdemarie.org\/blog\/wp-content\/uploads\/2018\/08\/artfichier_555580_7419792_201710283548654-768x538.jpg 768w\" sizes=\"auto, (max-width: 475px) 100vw, 475px\" \/><\/p>\n<p>\u00ab\u00a0En ces jours-l\u00e0, J\u00e9sus se retira sur la montagne pour prier, et il passa la nuit \u00e0 prier Dieu.\u00a0\u00bb Ceux qui prient ne gravissent pas tous la montagne&#8230;, mais ceux qui prient bien, ceux qui s&rsquo;\u00e9l\u00e8vent des biens terrestres aux biens sup\u00e9rieurs, montent sur les sommets de la vigilance et de l&rsquo;amour d&rsquo;en haut. Ceux qui se soucient des richesses du monde ou des honneurs ne gravissent pas la montagne\u00a0; celui qui convoite les terres d&rsquo;autrui ne gravit pas la montagne. Ceux qui cherchent Dieu montent\u00a0; ceux qui montent implorent l&rsquo;aide du Seigneur pour leur marche. Toutes les \u00e2mes grandes, toutes les \u00e2mes \u00e9lev\u00e9es gravissent la montagne, car ce n&rsquo;est pas simplement au premier venu que le proph\u00e8te dit\u00a0: \u00ab\u00a0Monte sur une haute montagne, toi qui annonces la bonne nouvelle \u00e0 Sion. \u00c9l\u00e8ve la voix avec force, toi qui donnes la bonne nouvelle \u00e0 J\u00e9rusalem\u00a0\u00bb (Is 40,9). Ce n&rsquo;est pas par un exploit physique, mais par des actions \u00e9lev\u00e9es que tu escaladeras cette montagne. Suis le Christ&#8230;\u00a0; cherche dans l&rsquo;\u00c9vangile, tu trouveras que seuls les disciples ont gravi la montagne avec le Seigneur.<\/p>\n<p class=\"commentary-author font-2 ng-binding\">Saint Ambroise (v. 340-397),\u00a0\u00e9v\u00eaque de Milan et docteur de l&rsquo;\u00c9glise<\/p>\n<p>&nbsp;<\/p>\n<p>&nbsp;<\/p>\n<p>&nbsp;<\/p>\n<p>&nbsp;<\/p>\n","protected":false},"excerpt":{"rendered":"<p>\u00ab\u00a0En ces jours-l\u00e0, J\u00e9sus se retira sur la montagne pour prier, et il passa la nuit \u00e0 prier Dieu.\u00a0\u00bb Ceux qui prient ne gravissent pas tous la montagne&#8230;, mais ceux qui prient bien, ceux qui s&rsquo;\u00e9l\u00e8vent des biens terrestres aux biens sup\u00e9rieurs, montent sur les sommets de la vigilance et de l&rsquo;amour d&rsquo;en haut. Ceux [&hellip;]<\/p>\n","protected":false},"author":2,"featured_media":0,"comment_status":"closed","ping_status":"closed","sticky":false,"template":"","format":"standard","meta":{"footnotes":""},"categories":[13,1261],"tags":[535,830,1007],"class_list":["post-16773","post","type-post","status-publish","format-standard","hentry","category-ecritures","category-enseignement-2","tag-jesus","tag-priere","tag-st-ambroise"],"_links":{"self":[{"href":"https:\/\/www.associationdemarie.org\/blog\/wp-json\/wp\/v2\/posts\/16773","targetHints":{"allow":["GET"]}}],"collection":[{"href":"https:\/\/www.associationdemarie.org\/blog\/wp-json\/wp\/v2\/posts"}],"about":[{"href":"https:\/\/www.associationdemarie.org\/blog\/wp-json\/wp\/v2\/types\/post"}],"author":[{"embeddable":true,"href":"https:\/\/www.associationdemarie.org\/blog\/wp-json\/wp\/v2\/users\/2"}],"replies":[{"embeddable":true,"href":"https:\/\/www.associationdemarie.org\/blog\/wp-json\/wp\/v2\/comments?post=16773"}],"version-history":[{"count":2,"href":"https:\/\/www.associationdemarie.org\/blog\/wp-json\/wp\/v2\/posts\/16773\/revisions"}],"predecessor-version":[{"id":16776,"href":"https:\/\/www.associationdemarie.org\/blog\/wp-json\/wp\/v2\/posts\/16773\/revisions\/16776"}],"wp:attachment":[{"href":"https:\/\/www.associationdemarie.org\/blog\/wp-json\/wp\/v2\/media?parent=16773"}],"wp:term":[{"taxonomy":"category","embeddable":true,"href":"https:\/\/www.associationdemarie.org\/blog\/wp-json\/wp\/v2\/categories?post=16773"},{"taxonomy":"post_tag","embeddable":true,"href":"https:\/\/www.associationdemarie.org\/blog\/wp-json\/wp\/v2\/tags?post=16773"}],"curies":[{"name":"wp","href":"https:\/\/api.w.org\/{rel}","templated":true}]}}