{"id":16755,"date":"2018-09-06T01:32:20","date_gmt":"2018-09-06T00:32:20","guid":{"rendered":"http:\/\/www.associationdemarie.org\/blog\/?p=16755"},"modified":"2018-08-18T08:34:09","modified_gmt":"2018-08-18T07:34:09","slug":"sois-sans-crainte-desormais-ce-sont-des-hommes-que-tu-prendras-3","status":"publish","type":"post","link":"https:\/\/www.associationdemarie.org\/blog\/sois-sans-crainte-desormais-ce-sont-des-hommes-que-tu-prendras-3\/","title":{"rendered":"\u00ab Sois sans crainte, d\u00e9sormais ce sont des hommes que tu prendras. \u00bb"},"content":{"rendered":"<p><img loading=\"lazy\" decoding=\"async\" class=\"aligncenter  wp-image-16756\" src=\"https:\/\/www.associationdemarie.org\/blog\/wp-content\/uploads\/2018\/08\/iStock_000001074097_Medium.jpg\" alt=\"\" width=\"478\" height=\"226\" srcset=\"https:\/\/www.associationdemarie.org\/blog\/wp-content\/uploads\/2018\/08\/iStock_000001074097_Medium.jpg 720w, https:\/\/www.associationdemarie.org\/blog\/wp-content\/uploads\/2018\/08\/iStock_000001074097_Medium-300x142.jpg 300w\" sizes=\"auto, (max-width: 478px) 100vw, 478px\" \/><\/p>\n<p>En cette nuit de lumi\u00e8re [de No\u00ebl, \u00e0 quatorze ans] commen\u00e7a la troisi\u00e8me p\u00e9riode de ma vie, la plus belle de toutes, la plus remplie des gr\u00e2ces du ciel&#8230; Comme ses ap\u00f4tres, je pouvais dire\u00a0: \u00ab\u00a0Seigneur, j&rsquo;ai p\u00each\u00e9 toute la nuit sans rien prendre\u00a0\u00bb. Plus mis\u00e9ricordieux encore pour moi qu&rsquo;il ne le fut pour ses disciples, J\u00e9sus prit lui-m\u00eame le filet, le jeta et le retira rempli de poissons. Il fit de moi un p\u00eacheur d&rsquo;\u00e2mes\u00a0; je sentis un grand d\u00e9sir de travailler \u00e0 la conversion des p\u00e9cheurs&#8230; Le cri de J\u00e9sus sur la croix retentissait aussi continuellement dans mon c\u0153ur\u00a0: \u00ab\u00a0J&rsquo;ai soif\u00a0!\u00a0\u00bb (Jn 19,28) Ces paroles allumaient en moi une ardeur inconnue et tr\u00e8s vive. Je voulais donner \u00e0 boire \u00e0 mon Bien-Aim\u00e9 et je me sentais moi-m\u00eame d\u00e9vor\u00e9e de la soif des \u00e2mes&#8230; Afin d&rsquo;exciter mon z\u00e8le le Bon Dieu me montra qu&rsquo;il avait mes d\u00e9sirs pour agr\u00e9ables. J&rsquo;entendis parler d&rsquo;un grand criminel qui venait d&rsquo;\u00eatre condamn\u00e9 \u00e0 mort pour des crimes horribles, tout portait \u00e0 croire qu&rsquo;il mourrait dans l&rsquo;imp\u00e9nitence. Je voulus \u00e0 tout prix l&#8217;emp\u00eacher de tomber en enfer&#8230; Je sentais au fond de mon c\u0153ur la certitude que [ces] d\u00e9sirs seraient satisfaits, mais afin de me donner du courage pour continuer \u00e0 prier pour les p\u00e9cheurs, je dis au Bon Dieu que j&rsquo;\u00e9tais bien s\u00fbre qu&rsquo;il pardonnerait au pauvre malheureux Pranzini, que je le croirais m\u00eame s&rsquo;il ne se confessait pas et ne donnait aucune parole de repentir, tant j&rsquo;avais de confiance en la mis\u00e9ricorde infinie de J\u00e9sus, mais que je lui demandais seulement \u00ab\u00a0un signe\u00a0\u00bb de repentir pour ma simple consolation. Ma pri\u00e8re fut exauc\u00e9e \u00e0 la lettre\u00a0!&#8230; Ah\u00a0! depuis cette gr\u00e2ce unique, mon d\u00e9sir de sauver les \u00e2mes grandit chaque jour\u00a0; il me semblait entendre J\u00e9sus me dire comme \u00e0 la Samaritaine\u00a0: \u00ab\u00a0Donne-moi \u00e0 boire\u00a0!\u00a0\u00bb (Jn 4,7) C&rsquo;\u00e9tait un v\u00e9ritable \u00e9change d&rsquo;amour\u00a0; aux \u00e2mes je donnais le sang de J\u00e9sus, \u00e0 J\u00e9sus j&rsquo;offrais ces m\u00eames \u00e2mes rafra\u00eechies par sa ros\u00e9e divine. Ainsi il me semblait le d\u00e9salt\u00e9rer et plus je lui donnais \u00e0 boire, plus la soif de ma pauvre petite \u00e2me augmentait, et c&rsquo;\u00e9tait cette soif ardente qu&rsquo;il me donnait comme le plus d\u00e9licieux breuvage de son amour.<\/p>\n<p class=\"commentary-author font-2 ng-binding\">Sainte Th\u00e9r\u00e8se de l&rsquo;Enfant J\u00e9sus (1873-1897),\u00a0carm\u00e9lite, docteur de l&rsquo;\u00c9glise<\/p>\n<p>&nbsp;<\/p>\n<p>&nbsp;<\/p>\n<p>&nbsp;<\/p>\n<p>&nbsp;<\/p>\n","protected":false},"excerpt":{"rendered":"<p>En cette nuit de lumi\u00e8re [de No\u00ebl, \u00e0 quatorze ans] commen\u00e7a la troisi\u00e8me p\u00e9riode de ma vie, la plus belle de toutes, la plus remplie des gr\u00e2ces du ciel&#8230; Comme ses ap\u00f4tres, je pouvais dire\u00a0: \u00ab\u00a0Seigneur, j&rsquo;ai p\u00each\u00e9 toute la nuit sans rien prendre\u00a0\u00bb. Plus mis\u00e9ricordieux encore pour moi qu&rsquo;il ne le fut pour ses [&hellip;]<\/p>\n","protected":false},"author":2,"featured_media":0,"comment_status":"closed","ping_status":"closed","sticky":false,"template":"","format":"standard","meta":{"footnotes":""},"categories":[13,1261],"tags":[60,678,1367,1107],"class_list":["post-16755","post","type-post","status-publish","format-standard","hentry","category-ecritures","category-enseignement-2","tag-ames","tag-misericorde","tag-pecheurs","tag-ste-therese"],"_links":{"self":[{"href":"https:\/\/www.associationdemarie.org\/blog\/wp-json\/wp\/v2\/posts\/16755","targetHints":{"allow":["GET"]}}],"collection":[{"href":"https:\/\/www.associationdemarie.org\/blog\/wp-json\/wp\/v2\/posts"}],"about":[{"href":"https:\/\/www.associationdemarie.org\/blog\/wp-json\/wp\/v2\/types\/post"}],"author":[{"embeddable":true,"href":"https:\/\/www.associationdemarie.org\/blog\/wp-json\/wp\/v2\/users\/2"}],"replies":[{"embeddable":true,"href":"https:\/\/www.associationdemarie.org\/blog\/wp-json\/wp\/v2\/comments?post=16755"}],"version-history":[{"count":2,"href":"https:\/\/www.associationdemarie.org\/blog\/wp-json\/wp\/v2\/posts\/16755\/revisions"}],"predecessor-version":[{"id":16758,"href":"https:\/\/www.associationdemarie.org\/blog\/wp-json\/wp\/v2\/posts\/16755\/revisions\/16758"}],"wp:attachment":[{"href":"https:\/\/www.associationdemarie.org\/blog\/wp-json\/wp\/v2\/media?parent=16755"}],"wp:term":[{"taxonomy":"category","embeddable":true,"href":"https:\/\/www.associationdemarie.org\/blog\/wp-json\/wp\/v2\/categories?post=16755"},{"taxonomy":"post_tag","embeddable":true,"href":"https:\/\/www.associationdemarie.org\/blog\/wp-json\/wp\/v2\/tags?post=16755"}],"curies":[{"name":"wp","href":"https:\/\/api.w.org\/{rel}","templated":true}]}}