{"id":16699,"date":"2018-08-23T01:08:44","date_gmt":"2018-08-23T00:08:44","guid":{"rendered":"http:\/\/www.associationdemarie.org\/blog\/?p=16699"},"modified":"2018-08-07T09:16:11","modified_gmt":"2018-08-07T08:16:11","slug":"venez-au-repas-de-noce-3","status":"publish","type":"post","link":"https:\/\/www.associationdemarie.org\/blog\/venez-au-repas-de-noce-3\/","title":{"rendered":"\u00ab Venez au repas de noce ! \u00bb"},"content":{"rendered":"<p><a href=\"https:\/\/www.associationdemarie.org\/blog\/wp-content\/uploads\/2018\/08\/1stdas0166-c27cc.jpg\"><img loading=\"lazy\" decoding=\"async\" class=\"aligncenter  wp-image-16700\" src=\"https:\/\/www.associationdemarie.org\/blog\/wp-content\/uploads\/2018\/08\/1stdas0166-c27cc.jpg\" alt=\"\" width=\"431\" height=\"512\" srcset=\"https:\/\/www.associationdemarie.org\/blog\/wp-content\/uploads\/2018\/08\/1stdas0166-c27cc.jpg 328w, https:\/\/www.associationdemarie.org\/blog\/wp-content\/uploads\/2018\/08\/1stdas0166-c27cc-252x300.jpg 252w\" sizes=\"auto, (max-width: 431px) 100vw, 431px\" \/><\/a><\/p>\n<p>\u00c0 tes noces divines<\/p>\n<p>Que le P\u00e8re a pr\u00e9par\u00e9es pour toi, \u00f4 Fils unique,<\/p>\n<p>La voix de tes serviteurs m&rsquo;a appel\u00e9 moi aussi,<\/p>\n<p>Pour que je me r\u00e9jouisse en des joies ineffables,<\/p>\n<p>D\u00e9j\u00e0 ici-bas dans le myst\u00e8re de ton autel<\/p>\n<p>Et un jour l\u00e0-haut dans la ville c\u00e9leste (Ap 21,2s)<\/p>\n<p>En une all\u00e9gresse \u00e9ternelle, Inexprimable et immuable.<\/p>\n<p>&nbsp;<\/p>\n<p>Mais parce que je ne porte pas l&rsquo;habit splendide,<\/p>\n<p>Digne de la salle des noces,<\/p>\n<p>Car j&rsquo;ai sali celui de la fontaine sacr\u00e9e du bapt\u00eame<\/p>\n<p>Par les p\u00e9ch\u00e9s noirs de l&rsquo;\u00e2me,<\/p>\n<p>\u00d4 Seigneur insondable&#8230;,<\/p>\n<p>Rev\u00eats-moi maintenant de nouveau de toi (cf Ga 3,27),<\/p>\n<p>Et rends sa splendeur d&rsquo;autrefois<\/p>\n<p>\u00c0 ma robe premi\u00e8re maintenant salie.<\/p>\n<p>&nbsp;<\/p>\n<p>Pour que je n&rsquo;entende pas ta voix, Seigneur,<\/p>\n<p>Prononcer le nom d&rsquo;\u00ab\u00a0ami\u00a0\u00bb avec l&rsquo;expression digne de piti\u00e9,<\/p>\n<p>Et que je ne sois point comme lui jet\u00e9<\/p>\n<p>Dans l&rsquo;ab\u00eeme pour toujours.<\/p>\n<p>&nbsp;<\/p>\n<p class=\"commentary-author font-2 ng-binding\">Saint Ners\u00e8s Snorhali (1102-1173),\u00a0patriarche arm\u00e9nien<\/p>\n<p>&nbsp;<\/p>\n<p>&nbsp;<\/p>\n<p>&nbsp;<\/p>\n<p>&nbsp;<\/p>\n","protected":false},"excerpt":{"rendered":"<p>\u00c0 tes noces divines Que le P\u00e8re a pr\u00e9par\u00e9es pour toi, \u00f4 Fils unique, La voix de tes serviteurs m&rsquo;a appel\u00e9 moi aussi, Pour que je me r\u00e9jouisse en des joies ineffables, D\u00e9j\u00e0 ici-bas dans le myst\u00e8re de ton autel Et un jour l\u00e0-haut dans la ville c\u00e9leste (Ap 21,2s) En une all\u00e9gresse \u00e9ternelle, Inexprimable [&hellip;]<\/p>\n","protected":false},"author":2,"featured_media":0,"comment_status":"closed","ping_status":"closed","sticky":false,"template":"","format":"standard","meta":{"footnotes":""},"categories":[13,1261],"tags":[713,1500],"class_list":["post-16699","post","type-post","status-publish","format-standard","hentry","category-ecritures","category-enseignement-2","tag-noces","tag-st-nerses-snorhali"],"_links":{"self":[{"href":"https:\/\/www.associationdemarie.org\/blog\/wp-json\/wp\/v2\/posts\/16699","targetHints":{"allow":["GET"]}}],"collection":[{"href":"https:\/\/www.associationdemarie.org\/blog\/wp-json\/wp\/v2\/posts"}],"about":[{"href":"https:\/\/www.associationdemarie.org\/blog\/wp-json\/wp\/v2\/types\/post"}],"author":[{"embeddable":true,"href":"https:\/\/www.associationdemarie.org\/blog\/wp-json\/wp\/v2\/users\/2"}],"replies":[{"embeddable":true,"href":"https:\/\/www.associationdemarie.org\/blog\/wp-json\/wp\/v2\/comments?post=16699"}],"version-history":[{"count":1,"href":"https:\/\/www.associationdemarie.org\/blog\/wp-json\/wp\/v2\/posts\/16699\/revisions"}],"predecessor-version":[{"id":16701,"href":"https:\/\/www.associationdemarie.org\/blog\/wp-json\/wp\/v2\/posts\/16699\/revisions\/16701"}],"wp:attachment":[{"href":"https:\/\/www.associationdemarie.org\/blog\/wp-json\/wp\/v2\/media?parent=16699"}],"wp:term":[{"taxonomy":"category","embeddable":true,"href":"https:\/\/www.associationdemarie.org\/blog\/wp-json\/wp\/v2\/categories?post=16699"},{"taxonomy":"post_tag","embeddable":true,"href":"https:\/\/www.associationdemarie.org\/blog\/wp-json\/wp\/v2\/tags?post=16699"}],"curies":[{"name":"wp","href":"https:\/\/api.w.org\/{rel}","templated":true}]}}