{"id":16690,"date":"2018-08-20T01:31:00","date_gmt":"2018-08-20T00:31:00","guid":{"rendered":"http:\/\/www.associationdemarie.org\/blog\/?p=16690"},"modified":"2018-08-05T07:32:51","modified_gmt":"2018-08-05T06:32:51","slug":"la-pauvrete-du-christ","status":"publish","type":"post","link":"https:\/\/www.associationdemarie.org\/blog\/la-pauvrete-du-christ\/","title":{"rendered":"La pauvret\u00e9 du Christ"},"content":{"rendered":"<p><a href=\"https:\/\/www.associationdemarie.org\/blog\/wp-content\/uploads\/2018\/08\/jesus-heals-lame-man-1138581-mobile.jpg\"><img loading=\"lazy\" decoding=\"async\" class=\"aligncenter  wp-image-16691\" src=\"https:\/\/www.associationdemarie.org\/blog\/wp-content\/uploads\/2018\/08\/jesus-heals-lame-man-1138581-mobile.jpg\" alt=\"\" width=\"448\" height=\"256\" srcset=\"https:\/\/www.associationdemarie.org\/blog\/wp-content\/uploads\/2018\/08\/jesus-heals-lame-man-1138581-mobile.jpg 948w, https:\/\/www.associationdemarie.org\/blog\/wp-content\/uploads\/2018\/08\/jesus-heals-lame-man-1138581-mobile-300x172.jpg 300w, https:\/\/www.associationdemarie.org\/blog\/wp-content\/uploads\/2018\/08\/jesus-heals-lame-man-1138581-mobile-768x439.jpg 768w\" sizes=\"auto, (max-width: 448px) 100vw, 448px\" \/><\/a><\/p>\n<p>La pauvret\u00e9 est une vertu qui fait corps avec la perfection, au point que nul absolument ne peut sans elle \u00eatre parfait\u00a0; t\u00e9moin la parole du Seigneur dans l\u2019\u00c9vangile\u00a0: \u00ab\u00a0si tu veux \u00eatre parfait, va, vends tout ce que tu as et donne-le aux pauvres.\u00a0\u00bb Notre-Seigneur J\u00e9sus Christ fut si pauvre dans sa naissance qu&rsquo;il n&rsquo;eut ni habitation, ni v\u00eatement, ni nourriture, mais une \u00e9table pour demeure, un mis\u00e9rable petit morceau d&rsquo;\u00e9toffe pour se couvrir et un lait virginal pour aliment. Il s&rsquo;est encore donn\u00e9 \u00e0 nous en exemple de pauvret\u00e9 par sa mani\u00e8re de vivre en ce monde. Il fut pauvre au point que, parfois, il ne put trouver de logis et qu&rsquo;il dut dormir avec ses Ap\u00f4tres hors la ville et m\u00eame hors des maisons \u00e0 la campagne. Non seulement le Seigneur des Anges fut pauvre dans sa naissance et pauvre dans son genre de vie, mais il fut encore extr\u00eamement pauvre dans sa mort, afin de nous embraser d&rsquo;amour pour la pauvret\u00e9. \u00d4 vous tous, qui avez vou\u00e9 la pauvret\u00e9, consid\u00e9rez et voyez combien l&rsquo;opulent Roi des Cieux fut pauvre \u00e0 cause de nous dans l&rsquo;instant de sa mort. Il fut, en effet, d\u00e9pouill\u00e9 de tout ce qu&rsquo;il pouvait avoir\u00a0: de ses v\u00eatements, par ses bourreaux, qui \u00ab\u00a0se partag\u00e8rent et tir\u00e8rent au sort sa robe\u00a0\u00bb (Cf. Mt 27,35)\u00a0; de son corps et de son \u00e2me, quand son \u00e2me fut arrach\u00e9e violemment de son corps\u00a0; de la gloire divine, quand par les souffrances d&rsquo;une tr\u00e8s douloureuse mort, au lieu de le glorifier comme Dieu, on le traita comme un malfaiteur, selon la plainte de Job\u00a0: \u00ab\u00a0ils m&rsquo;ont d\u00e9pouill\u00e9 de ma gloire\u00a0\u00bb (Jb 19,9). \u00d4 Dieu, riche pour tous les hommes, \u00f4 bon Seigneur J\u00e9sus\u00a0! Qui peut dignement exprimer de bouche, concevoir en son c\u0153ur, d\u00e9crire de sa main la gloire c\u00e9leste que vous avez promis de donner \u00e0 vos pauvres\u00a0? Par leur pauvret\u00e9 volontaire, ils m\u00e9ritent de contempler la gloire de leur Cr\u00e9ateur, d&rsquo;entrer dans les puissances du Seigneur, dans les tabernacles \u00e9ternels et dans les demeures de lumi\u00e8re. Ils m\u00e9ritent de devenir les habitants de la cit\u00e9 dont Dieu est l&rsquo;architecte et le fondateur. Vous-m\u00eame, Seigneur, vous leur avez fait cette promesse de votre bouche b\u00e9nie\u00a0: \u00ab\u00a0Heureux les pauvres en esprit, car le Royaume des Cieux est \u00e0 eux\u00a0\u00bb (Cf. Mt 5,2). Ce Royaume des cieux n&rsquo;est pas autre chose que Vous-m\u00eame, Seigneur J\u00e9sus-Christ, Roi des Rois, Seigneur des Seigneurs. Vous vous donnerez vous-m\u00eame \u00e0 eux pour \u00eatre leur salaire, leur r\u00e9compense et leur joie. Ils jouiront de Vous, seront heureux de Vous, se rassasieront de Vous\u00a0! Amen\u00a0!<\/p>\n<p class=\"commentary-author font-2 ng-binding\">Saint Bonaventure (1221-1274),\u00a0franciscain, docteur de l&rsquo;\u00c9glise<\/p>\n<p>&nbsp;<\/p>\n<p>&nbsp;<\/p>\n<p>&nbsp;<\/p>\n<p>&nbsp;<\/p>\n","protected":false},"excerpt":{"rendered":"<p>La pauvret\u00e9 est une vertu qui fait corps avec la perfection, au point que nul absolument ne peut sans elle \u00eatre parfait\u00a0; t\u00e9moin la parole du Seigneur dans l\u2019\u00c9vangile\u00a0: \u00ab\u00a0si tu veux \u00eatre parfait, va, vends tout ce que tu as et donne-le aux pauvres.\u00a0\u00bb Notre-Seigneur J\u00e9sus Christ fut si pauvre dans sa naissance qu&rsquo;il [&hellip;]<\/p>\n","protected":false},"author":2,"featured_media":0,"comment_status":"closed","ping_status":"closed","sticky":false,"template":"","format":"standard","meta":{"footnotes":""},"categories":[13,1261],"tags":[220,785,1239],"class_list":["post-16690","post","type-post","status-publish","format-standard","hentry","category-ecritures","category-enseignement-2","tag-christ","tag-pauvrete","tag-st-bonaventure"],"_links":{"self":[{"href":"https:\/\/www.associationdemarie.org\/blog\/wp-json\/wp\/v2\/posts\/16690","targetHints":{"allow":["GET"]}}],"collection":[{"href":"https:\/\/www.associationdemarie.org\/blog\/wp-json\/wp\/v2\/posts"}],"about":[{"href":"https:\/\/www.associationdemarie.org\/blog\/wp-json\/wp\/v2\/types\/post"}],"author":[{"embeddable":true,"href":"https:\/\/www.associationdemarie.org\/blog\/wp-json\/wp\/v2\/users\/2"}],"replies":[{"embeddable":true,"href":"https:\/\/www.associationdemarie.org\/blog\/wp-json\/wp\/v2\/comments?post=16690"}],"version-history":[{"count":1,"href":"https:\/\/www.associationdemarie.org\/blog\/wp-json\/wp\/v2\/posts\/16690\/revisions"}],"predecessor-version":[{"id":16692,"href":"https:\/\/www.associationdemarie.org\/blog\/wp-json\/wp\/v2\/posts\/16690\/revisions\/16692"}],"wp:attachment":[{"href":"https:\/\/www.associationdemarie.org\/blog\/wp-json\/wp\/v2\/media?parent=16690"}],"wp:term":[{"taxonomy":"category","embeddable":true,"href":"https:\/\/www.associationdemarie.org\/blog\/wp-json\/wp\/v2\/categories?post=16690"},{"taxonomy":"post_tag","embeddable":true,"href":"https:\/\/www.associationdemarie.org\/blog\/wp-json\/wp\/v2\/tags?post=16690"}],"curies":[{"name":"wp","href":"https:\/\/api.w.org\/{rel}","templated":true}]}}