{"id":16663,"date":"2018-08-13T01:58:27","date_gmt":"2018-08-13T00:58:27","guid":{"rendered":"http:\/\/www.associationdemarie.org\/blog\/?p=16663"},"modified":"2018-07-29T07:00:58","modified_gmt":"2018-07-29T06:00:58","slug":"lesperance-sauve-comme-la-foi","status":"publish","type":"post","link":"https:\/\/www.associationdemarie.org\/blog\/lesperance-sauve-comme-la-foi\/","title":{"rendered":"L&rsquo;esp\u00e9rance sauve, comme la foi."},"content":{"rendered":"<p><a href=\"https:\/\/www.associationdemarie.org\/blog\/wp-content\/uploads\/2018\/07\/foi-espc3a9rance-charitc3a9.jpg\"><img loading=\"lazy\" decoding=\"async\" class=\"aligncenter size-full wp-image-16664\" src=\"https:\/\/www.associationdemarie.org\/blog\/wp-content\/uploads\/2018\/07\/foi-espc3a9rance-charitc3a9.jpg\" alt=\"\" width=\"448\" height=\"337\" srcset=\"https:\/\/www.associationdemarie.org\/blog\/wp-content\/uploads\/2018\/07\/foi-espc3a9rance-charitc3a9.jpg 448w, https:\/\/www.associationdemarie.org\/blog\/wp-content\/uploads\/2018\/07\/foi-espc3a9rance-charitc3a9-300x226.jpg 300w\" sizes=\"auto, (max-width: 448px) 100vw, 448px\" \/><\/a><\/p>\n<p>L&rsquo;ap\u00f4tre Paul dit que la cr\u00e9ation elle-m\u00eame attend la r\u00e9v\u00e9lation des enfants de Dieu (Rm 8,19). Cette cr\u00e9ation est maintenant livr\u00e9e malgr\u00e9 elle au pouvoir du n\u00e9ant\u00a0; mais elle est dans l&rsquo;esp\u00e9rance. Car elle esp\u00e8re que le Christ l&rsquo;aidera par sa gr\u00e2ce \u00e0 se lib\u00e9rer de l&rsquo;esclavage de la d\u00e9gradation in\u00e9vitable, et \u00e0 recevoir la libert\u00e9 glorieuse des enfants de Dieu. Ainsi il y aura une seule libert\u00e9, pour la cr\u00e9ation et pour les enfants de Dieu, lorsque la gloire de ceux-ci se r\u00e9v\u00e9lera. Mais maintenant, tant que cette r\u00e9v\u00e9lation se fait d\u00e9sirer, toute la cr\u00e9ation g\u00e9mit en attendant de partager la gloire de notre adoption et de notre r\u00e9demption (v. 22)&#8230; Il est clair que les cr\u00e9atures qui g\u00e9missent en attendant l&rsquo;adoption des fils ont en elles les premiers dons de l&rsquo;Esprit (v. 9s). Cette adoption des fils, c&rsquo;est la r\u00e9demption du corps tout entier, lorsque celui-ci, en qualit\u00e9 de fils adoptif de Dieu, verra face \u00e0 face ce bien \u00e9ternel et divin. Il y a d\u00e9j\u00e0 adoption filiale dans l&rsquo;\u00c9glise du Seigneur lorsque l&rsquo;Esprit en nous s&rsquo;\u00e9crie\u00a0: \u00ab\u00a0Abba, P\u00e8re\u00a0\u00bb (v. 15). Mais cette adoption sera parfaite lorsque ceux qui seront admis \u00e0 voir la face de Dieu ressusciteront tous dans l&rsquo;immortalit\u00e9, l&rsquo;honneur et la gloire. Alors la condition humaine s&rsquo;estimera vraiment rachet\u00e9e. C&rsquo;est pourquoi l&rsquo;ap\u00f4tre Paul ose dire\u00a0: \u00ab\u00a0Nous avons \u00e9t\u00e9 sauv\u00e9s en esp\u00e9rance\u00a0\u00bb (v. 24). En effet, l&rsquo;esp\u00e9rance sauve, comme la foi, dont il est dit\u00a0: \u00ab\u00a0Ta foi t&rsquo;a sauv\u00e9\u00a0\u00bb (Mc 5,34).<\/p>\n<p class=\"commentary-author font-2 ng-binding\">Saint Ambroise (v. 340-397),\u00a0\u00e9v\u00eaque de Milan et docteur de l&rsquo;\u00c9glise<\/p>\n<p>&nbsp;<\/p>\n<p>&nbsp;<\/p>\n<p>&nbsp;<\/p>\n","protected":false},"excerpt":{"rendered":"<p>L&rsquo;ap\u00f4tre Paul dit que la cr\u00e9ation elle-m\u00eame attend la r\u00e9v\u00e9lation des enfants de Dieu (Rm 8,19). Cette cr\u00e9ation est maintenant livr\u00e9e malgr\u00e9 elle au pouvoir du n\u00e9ant\u00a0; mais elle est dans l&rsquo;esp\u00e9rance. Car elle esp\u00e8re que le Christ l&rsquo;aidera par sa gr\u00e2ce \u00e0 se lib\u00e9rer de l&rsquo;esclavage de la d\u00e9gradation in\u00e9vitable, et \u00e0 recevoir la [&hellip;]<\/p>\n","protected":false},"author":2,"featured_media":0,"comment_status":"closed","ping_status":"closed","sticky":false,"template":"","format":"standard","meta":{"footnotes":""},"categories":[13,1261],"tags":[375,425,1007],"class_list":["post-16663","post","type-post","status-publish","format-standard","hentry","category-ecritures","category-enseignement-2","tag-esperance","tag-foi","tag-st-ambroise"],"_links":{"self":[{"href":"https:\/\/www.associationdemarie.org\/blog\/wp-json\/wp\/v2\/posts\/16663","targetHints":{"allow":["GET"]}}],"collection":[{"href":"https:\/\/www.associationdemarie.org\/blog\/wp-json\/wp\/v2\/posts"}],"about":[{"href":"https:\/\/www.associationdemarie.org\/blog\/wp-json\/wp\/v2\/types\/post"}],"author":[{"embeddable":true,"href":"https:\/\/www.associationdemarie.org\/blog\/wp-json\/wp\/v2\/users\/2"}],"replies":[{"embeddable":true,"href":"https:\/\/www.associationdemarie.org\/blog\/wp-json\/wp\/v2\/comments?post=16663"}],"version-history":[{"count":1,"href":"https:\/\/www.associationdemarie.org\/blog\/wp-json\/wp\/v2\/posts\/16663\/revisions"}],"predecessor-version":[{"id":16665,"href":"https:\/\/www.associationdemarie.org\/blog\/wp-json\/wp\/v2\/posts\/16663\/revisions\/16665"}],"wp:attachment":[{"href":"https:\/\/www.associationdemarie.org\/blog\/wp-json\/wp\/v2\/media?parent=16663"}],"wp:term":[{"taxonomy":"category","embeddable":true,"href":"https:\/\/www.associationdemarie.org\/blog\/wp-json\/wp\/v2\/categories?post=16663"},{"taxonomy":"post_tag","embeddable":true,"href":"https:\/\/www.associationdemarie.org\/blog\/wp-json\/wp\/v2\/tags?post=16663"}],"curies":[{"name":"wp","href":"https:\/\/api.w.org\/{rel}","templated":true}]}}