{"id":16649,"date":"2018-08-09T01:19:30","date_gmt":"2018-08-09T00:19:30","guid":{"rendered":"http:\/\/www.associationdemarie.org\/blog\/?p=16649"},"modified":"2018-07-25T06:22:34","modified_gmt":"2018-07-25T05:22:34","slug":"trois-saintes-co-patronnes-de-leurope","status":"publish","type":"post","link":"https:\/\/www.associationdemarie.org\/blog\/trois-saintes-co-patronnes-de-leurope\/","title":{"rendered":"Trois saintes, co-patronnes de l&rsquo;Europe"},"content":{"rendered":"<p><a href=\"https:\/\/www.associationdemarie.org\/blog\/wp-content\/uploads\/2018\/07\/4924910lpw-4924927-article-jpg_3699168_660x281.jpg\"><img loading=\"lazy\" decoding=\"async\" class=\"aligncenter  wp-image-16650\" src=\"https:\/\/www.associationdemarie.org\/blog\/wp-content\/uploads\/2018\/07\/4924910lpw-4924927-article-jpg_3699168_660x281.jpg\" alt=\"\" width=\"487\" height=\"207\" srcset=\"https:\/\/www.associationdemarie.org\/blog\/wp-content\/uploads\/2018\/07\/4924910lpw-4924927-article-jpg_3699168_660x281.jpg 660w, https:\/\/www.associationdemarie.org\/blog\/wp-content\/uploads\/2018\/07\/4924910lpw-4924927-article-jpg_3699168_660x281-300x128.jpg 300w\" sizes=\"auto, (max-width: 487px) 100vw, 487px\" \/><\/a><\/p>\n<p>L&rsquo;Europe est d\u00e9j\u00e0 plac\u00e9e sous la protection c\u00e9leste de trois grands saints\u00a0: celle de Beno\u00eet de Nursie, p\u00e8re a du monachisme occidental, ainsi que celle des deux fr\u00e8res Cyrille et M\u00e9thode, ap\u00f4tres des Slaves. \u00c0 ces t\u00e9moins \u00e9minents du Christ, j&rsquo;ai \u00e9galement voulu associer trois autres figures f\u00e9minines, afin de souligner le grand r\u00f4le que les femmes ont jou\u00e9 et continuent \u00e0 jouer dans l&rsquo;histoire eccl\u00e9siale et civile du continent, jusqu&rsquo;\u00e0 nos jours. Depuis ses tout d\u00e9buts et bien que conditionn\u00e9e par les cultures dans lesquelles elle \u00e9tait ins\u00e9r\u00e9e, l&rsquo;\u00c9glise a toujours reconnu la pleine dignit\u00e9 spirituelle de la femme, \u00e0 commencer par la vocation et la mission personnelle de Marie, M\u00e8re du R\u00e9dempteur. D\u00e8s le d\u00e9but, les chr\u00e9tiens se sont adress\u00e9s \u00e0 ces femmes, telles que F\u00e9licit\u00e9, Perp\u00e9tue, Agathe, Lucie, Agn\u00e8s, C\u00e9cile et Anastasie \u2014 comme l&rsquo;atteste le Canon romain \u2014 avec une ferveur non moins grande que celle qu&rsquo;ils r\u00e9servaient aux hommes saints. Les trois saintes, choisies comme co-patronnes d&rsquo;Europe, ont toutes un lien sp\u00e9cial avec l&rsquo;histoire du continent. Ainsi, Edith Stein, qui provenait d&rsquo;une famille juive\u00a0; elle quitta sa brillante carri\u00e8re de chercheuse pour devenir religieuse carm\u00e9lite, sous le nom de Th\u00e9r\u00e8se B\u00e9n\u00e9dicte de la Croix, et mourut dans le camp d&rsquo;extermination d&rsquo;Auschwitz. Elle est le symbole des drames de l&rsquo;Europe de ce si\u00e8cle. Quant \u00e0 Brigitte de Su\u00e8de et Catherine de Sienne, qui ont toutes deux v\u00e9cu au XIVe si\u00e8cle, elles travaill\u00e8rent inlassablement pour l&rsquo;\u00c9glise et se pr\u00e9occup\u00e8rent de son sort au niveau europ\u00e9en&#8230; Toutes les trois expriment admirablement la synth\u00e8se entre la contemplation et l&rsquo;action. Leurs vies et leurs \u0153uvres t\u00e9moignent, avec une grande \u00e9loquence, de la force du Christ ressuscit\u00e9, vivant dans son \u00c9glise\u00a0: la force d&rsquo;un amour g\u00e9n\u00e9reux pour Dieu et pour l&rsquo;homme, la force d&rsquo;un authentique renouveau moral et civil. Dans ces nouvelles patronnes, si riches de dons que ce soit au plan surnaturel ou humain, les chr\u00e9tiens et les communaut\u00e9s eccl\u00e9siales de toute confession peuvent trouver leur inspiration, ainsi que les citoyens et les \u00c9tats europ\u00e9ens, pourvu qu&rsquo;ils soient sinc\u00e8rement engag\u00e9s dans la recherche de la v\u00e9rit\u00e9 et du bien commun.<\/p>\n<p class=\"commentary-author font-2 ng-binding\">Saint Jean-Paul II (1920-2005),\u00a0pape<\/p>\n<p>&nbsp;<\/p>\n<p>&nbsp;<\/p>\n","protected":false},"excerpt":{"rendered":"<p>L&rsquo;Europe est d\u00e9j\u00e0 plac\u00e9e sous la protection c\u00e9leste de trois grands saints\u00a0: celle de Beno\u00eet de Nursie, p\u00e8re a du monachisme occidental, ainsi que celle des deux fr\u00e8res Cyrille et M\u00e9thode, ap\u00f4tres des Slaves. \u00c0 ces t\u00e9moins \u00e9minents du Christ, j&rsquo;ai \u00e9galement voulu associer trois autres figures f\u00e9minines, afin de souligner le grand r\u00f4le que [&hellip;]<\/p>\n","protected":false},"author":2,"featured_media":0,"comment_status":"closed","ping_status":"closed","sticky":false,"template":"","format":"standard","meta":{"footnotes":""},"categories":[13,1261,28],"tags":[335,386,945,1016,1253,1108],"class_list":["post-16649","post","type-post","status-publish","format-standard","hentry","category-ecritures","category-enseignement-2","category-saints-et-saintes","tag-edith-stein","tag-europe","tag-saints","tag-st-benoit","tag-st-jean-paul-2","tag-ste-therese-benedicte-de-la-croix"],"_links":{"self":[{"href":"https:\/\/www.associationdemarie.org\/blog\/wp-json\/wp\/v2\/posts\/16649","targetHints":{"allow":["GET"]}}],"collection":[{"href":"https:\/\/www.associationdemarie.org\/blog\/wp-json\/wp\/v2\/posts"}],"about":[{"href":"https:\/\/www.associationdemarie.org\/blog\/wp-json\/wp\/v2\/types\/post"}],"author":[{"embeddable":true,"href":"https:\/\/www.associationdemarie.org\/blog\/wp-json\/wp\/v2\/users\/2"}],"replies":[{"embeddable":true,"href":"https:\/\/www.associationdemarie.org\/blog\/wp-json\/wp\/v2\/comments?post=16649"}],"version-history":[{"count":2,"href":"https:\/\/www.associationdemarie.org\/blog\/wp-json\/wp\/v2\/posts\/16649\/revisions"}],"predecessor-version":[{"id":16652,"href":"https:\/\/www.associationdemarie.org\/blog\/wp-json\/wp\/v2\/posts\/16649\/revisions\/16652"}],"wp:attachment":[{"href":"https:\/\/www.associationdemarie.org\/blog\/wp-json\/wp\/v2\/media?parent=16649"}],"wp:term":[{"taxonomy":"category","embeddable":true,"href":"https:\/\/www.associationdemarie.org\/blog\/wp-json\/wp\/v2\/categories?post=16649"},{"taxonomy":"post_tag","embeddable":true,"href":"https:\/\/www.associationdemarie.org\/blog\/wp-json\/wp\/v2\/tags?post=16649"}],"curies":[{"name":"wp","href":"https:\/\/api.w.org\/{rel}","templated":true}]}}