{"id":16642,"date":"2018-08-07T01:27:14","date_gmt":"2018-08-07T00:27:14","guid":{"rendered":"http:\/\/www.associationdemarie.org\/blog\/?p=16642"},"modified":"2018-07-23T06:29:46","modified_gmt":"2018-07-23T05:29:46","slug":"pourquoi-as-tu-doute","status":"publish","type":"post","link":"https:\/\/www.associationdemarie.org\/blog\/pourquoi-as-tu-doute\/","title":{"rendered":"\u00ab Pourquoi as-tu dout\u00e9 ? \u00bb"},"content":{"rendered":"<p><a href=\"https:\/\/www.associationdemarie.org\/blog\/wp-content\/uploads\/2018\/07\/CAeXIkPUwAALbVp.jpg\"><img loading=\"lazy\" decoding=\"async\" class=\"aligncenter  wp-image-16643\" src=\"https:\/\/www.associationdemarie.org\/blog\/wp-content\/uploads\/2018\/07\/CAeXIkPUwAALbVp.jpg\" alt=\"\" width=\"374\" height=\"441\" srcset=\"https:\/\/www.associationdemarie.org\/blog\/wp-content\/uploads\/2018\/07\/CAeXIkPUwAALbVp.jpg 530w, https:\/\/www.associationdemarie.org\/blog\/wp-content\/uploads\/2018\/07\/CAeXIkPUwAALbVp-254x300.jpg 254w\" sizes=\"auto, (max-width: 374px) 100vw, 374px\" \/><\/a><\/p>\n<p>Celui dont le c\u0153ur est fond\u00e9 sur l&rsquo;esp\u00e9rance de la foi ne manque jamais de quoi que ce soit. Il n&rsquo;a rien, mais par la foi il poss\u00e8de tout, comme il est \u00e9crit\u00a0: \u00ab\u00a0Ce que vous demanderez dans la pri\u00e8re et la foi, vous le recevrez\u00a0\u00bb et \u00ab\u00a0Le Seigneur est proche, ne vous souciez de rien\u00a0\u00bb (Mt 21,22\u00a0; Ph 4,5-6) L&rsquo;intellect est toujours \u00e0 la recherche de moyens qui lui permettent de garder ce qu&rsquo;elle a acquis\u00a0; mais la foi dit que \u00ab\u00a0si le Seigneur ne b\u00e2tit pas la maison ni ne la garde, celui qui garde a veill\u00e9 en vain et celui qui b\u00e2tit a travaill\u00e9 pour rien\u00a0\u00bb (Ps 126,1). Jamais celui qui prie dans la foi ne vit simplement de la connaissance intellectuelle. Ce savoir-l\u00e0 fait l&rsquo;\u00e9loge de la crainte\u00a0; un sage a dit\u00a0: \u00ab\u00a0Celui qui craint dans son c\u0153ur est bienheureux\u00a0\u00bb. Mais que dit la foi\u00a0? \u00ab\u00a0Quand il a commenc\u00e9 \u00e0 avoir peur, il se mit \u00e0 enfoncer.\u00a0\u00bb Et encore\u00a0: \u00ab\u00a0Vous n&rsquo;avez pas re\u00e7u un esprit de servitude, pour \u00eatre encore dans la crainte, mais vous avez re\u00e7u un esprit de fils adoptifs, qui vous donne la libert\u00e9 de la foi et de l&rsquo;esp\u00e9rance de Dieu\u00a0\u00bb (Rm 8,15-24). Toujours le doute suit la peur&#8230;\u00a0; toujours la peur et le doute se manifestent dans la recherche des causes et l&rsquo;examen des faits, car l&rsquo;intellect n&rsquo;atteint jamais son apaisement. L&rsquo;\u00e2me est souvent expos\u00e9e aux impr\u00e9vus, aux difficult\u00e9s, aux pi\u00e8ges nombreux qui la mettent en p\u00e9ril, mais ni l&rsquo;intellect ni les diff\u00e9rentes formes de la sagesse ne peuvent l&rsquo;aider en rien. Par contre la foi n&rsquo;est jamais vaincue par aucune de ces difficult\u00e9s&#8230; Vois-tu la faiblesse de la connaissance, et la puissance de la foi\u00a0? &#8230; La foi dit\u00a0: \u00ab\u00a0Tout est possible \u00e0 celui qui croit. Car rien n&rsquo;est impossible \u00e0 Dieu.\u00a0\u00bb (Mc 9,23\u00a0; 10,27) \u00d4 richesse ineffable\u00a0! \u00d4 mer qui porte une telle richesse dans ses vagues, dans ses tr\u00e9sors merveilleux dont elle d\u00e9borde par la puissance de la foi\u00a0!<\/p>\n<p class=\"commentary-author font-2 ng-binding\">Isaac le Syrien (7e si\u00e8cle),\u00a0moine pr\u00e8s de Mossoul<\/p>\n<p>&nbsp;<\/p>\n<p>&nbsp;<\/p>\n<p>&nbsp;<\/p>\n","protected":false},"excerpt":{"rendered":"<p>Celui dont le c\u0153ur est fond\u00e9 sur l&rsquo;esp\u00e9rance de la foi ne manque jamais de quoi que ce soit. Il n&rsquo;a rien, mais par la foi il poss\u00e8de tout, comme il est \u00e9crit\u00a0: \u00ab\u00a0Ce que vous demanderez dans la pri\u00e8re et la foi, vous le recevrez\u00a0\u00bb et \u00ab\u00a0Le Seigneur est proche, ne vous souciez de [&hellip;]<\/p>\n","protected":false},"author":2,"featured_media":0,"comment_status":"closed","ping_status":"closed","sticky":false,"template":"","format":"standard","meta":{"footnotes":""},"categories":[13,1261],"tags":[133,317,425,509,535,1071,1129],"class_list":["post-16642","post","type-post","status-publish","format-standard","hentry","category-ecritures","category-enseignement-2","tag-barque","tag-doutes","tag-foi","tag-isaac-le-syrien","tag-jesus","tag-st-pierre","tag-tempete"],"_links":{"self":[{"href":"https:\/\/www.associationdemarie.org\/blog\/wp-json\/wp\/v2\/posts\/16642","targetHints":{"allow":["GET"]}}],"collection":[{"href":"https:\/\/www.associationdemarie.org\/blog\/wp-json\/wp\/v2\/posts"}],"about":[{"href":"https:\/\/www.associationdemarie.org\/blog\/wp-json\/wp\/v2\/types\/post"}],"author":[{"embeddable":true,"href":"https:\/\/www.associationdemarie.org\/blog\/wp-json\/wp\/v2\/users\/2"}],"replies":[{"embeddable":true,"href":"https:\/\/www.associationdemarie.org\/blog\/wp-json\/wp\/v2\/comments?post=16642"}],"version-history":[{"count":1,"href":"https:\/\/www.associationdemarie.org\/blog\/wp-json\/wp\/v2\/posts\/16642\/revisions"}],"predecessor-version":[{"id":16644,"href":"https:\/\/www.associationdemarie.org\/blog\/wp-json\/wp\/v2\/posts\/16642\/revisions\/16644"}],"wp:attachment":[{"href":"https:\/\/www.associationdemarie.org\/blog\/wp-json\/wp\/v2\/media?parent=16642"}],"wp:term":[{"taxonomy":"category","embeddable":true,"href":"https:\/\/www.associationdemarie.org\/blog\/wp-json\/wp\/v2\/categories?post=16642"},{"taxonomy":"post_tag","embeddable":true,"href":"https:\/\/www.associationdemarie.org\/blog\/wp-json\/wp\/v2\/tags?post=16642"}],"curies":[{"name":"wp","href":"https:\/\/api.w.org\/{rel}","templated":true}]}}