{"id":16638,"date":"2018-08-06T01:51:15","date_gmt":"2018-08-06T00:51:15","guid":{"rendered":"http:\/\/www.associationdemarie.org\/blog\/?p=16638"},"modified":"2018-07-22T07:53:48","modified_gmt":"2018-07-22T06:53:48","slug":"fete-de-la-transfiguration-du-seigneur-7","status":"publish","type":"post","link":"https:\/\/www.associationdemarie.org\/blog\/fete-de-la-transfiguration-du-seigneur-7\/","title":{"rendered":"F\u00eate de la Transfiguration du Seigneur"},"content":{"rendered":"<p><a href=\"https:\/\/www.associationdemarie.org\/blog\/wp-content\/uploads\/2018\/07\/ob_06caf0_de-tail-du-tableau-de-la-transfigurati.jpg\"><img loading=\"lazy\" decoding=\"async\" class=\" wp-image-16639\" src=\"https:\/\/www.associationdemarie.org\/blog\/wp-content\/uploads\/2018\/07\/ob_06caf0_de-tail-du-tableau-de-la-transfigurati.jpg\" alt=\"\" width=\"432\" height=\"267\" srcset=\"https:\/\/www.associationdemarie.org\/blog\/wp-content\/uploads\/2018\/07\/ob_06caf0_de-tail-du-tableau-de-la-transfigurati.jpg 768w, https:\/\/www.associationdemarie.org\/blog\/wp-content\/uploads\/2018\/07\/ob_06caf0_de-tail-du-tableau-de-la-transfigurati-300x186.jpg 300w\" sizes=\"auto, (max-width: 432px) 100vw, 432px\" \/><\/a><\/p>\n<p>Jadis, sur le mont Sina\u00ef, la fum\u00e9e, la temp\u00eate, l&rsquo;obscurit\u00e9 et le feu (Ex 19,16s) r\u00e9v\u00e9laient la condescendance extr\u00eame de Dieu, annon\u00e7ant que celui qui donnait la Loi \u00e9tait inaccessible&#8230; et que le cr\u00e9ateur se faisait conna\u00eetre par ses \u0153uvres. Mais maintenant tout est rempli de lumi\u00e8re et de splendeur. Car l&rsquo;artisan et le Seigneur de toutes choses est venu du sein du P\u00e8re. Il n&rsquo;a pas quitt\u00e9 sa propre demeure, c&rsquo;est-\u00e0-dire son si\u00e8ge dans le sein du P\u00e8re, mais il est descendu pour \u00eatre avec les esclaves. Il a pris la condition de serviteur, et il est devenu un homme en sa nature et en son comportement (Ph 2,7), pour que Dieu, qui est incompr\u00e9hensible pour les hommes, soit compris. Par lui-m\u00eame et en lui-m\u00eame, il montre la splendeur de la nature divine. Autrefois Dieu avait \u00e9tabli l&rsquo;homme en union avec sa propre gr\u00e2ce. Quand il a insuffl\u00e9 l&rsquo;esprit de vie au nouvel homme form\u00e9 de terre, quand il lui a communiqu\u00e9 ce qu&rsquo;il avait de meilleur, il l&rsquo;a honor\u00e9 de sa propre image et ressemblance (Gn 1,27). Il lui a donn\u00e9 l&rsquo;Eden comme demeure et a fait de lui le fr\u00e8re intime des anges. Mais puisque nous avions obscurci et fait dispara\u00eetre l&rsquo;image divine sous la boue de nos d\u00e9sirs d\u00e9r\u00e9gl\u00e9s, le Compatissant est entr\u00e9 dans une seconde communion avec nous, beaucoup plus s\u00fbre et plus extraordinaire que la premi\u00e8re. Tout en demeurant dans l&rsquo;\u00e9l\u00e9vation de sa divinit\u00e9, il accepte aussi ce qui est en dessous de lui, cr\u00e9ant en lui-m\u00eame l&rsquo;humain\u00a0; il m\u00eale l&rsquo;arch\u00e9type \u00e0 l&rsquo;image, et aujourd&rsquo;hui il montre en elle sa propre beaut\u00e9. Son visage resplendit comme le soleil, car dans sa divinit\u00e9 il est identifi\u00e9 avec la lumi\u00e8re immat\u00e9rielle\u00a0; c&rsquo;est pour cela qu&rsquo;il est devenu le Soleil de justice (Ml 3,20). Mais ses v\u00eatements deviennent blancs comme la neige, car ils re\u00e7oivent la gloire par rev\u00eatement et non par union, par relation et non par nature. Et \u00ab\u00a0une nu\u00e9e de lumi\u00e8re les couvrit de son ombre\u00a0\u00bb, rendant sensible le resplendissement de l&rsquo;Esprit.<\/p>\n<p class=\"commentary-author font-2 ng-binding\">Saint Jean de Damas (v. 675-749),\u00a0moine, th\u00e9ologien, docteur de l&rsquo;\u00c9glise<\/p>\n<p>&nbsp;<\/p>\n<p>&nbsp;<\/p>\n","protected":false},"excerpt":{"rendered":"<p>Jadis, sur le mont Sina\u00ef, la fum\u00e9e, la temp\u00eate, l&rsquo;obscurit\u00e9 et le feu (Ex 19,16s) r\u00e9v\u00e9laient la condescendance extr\u00eame de Dieu, annon\u00e7ant que celui qui donnait la Loi \u00e9tait inaccessible&#8230; et que le cr\u00e9ateur se faisait conna\u00eetre par ses \u0153uvres. Mais maintenant tout est rempli de lumi\u00e8re et de splendeur. Car l&rsquo;artisan et le Seigneur [&hellip;]<\/p>\n","protected":false},"author":2,"featured_media":0,"comment_status":"closed","ping_status":"closed","sticky":false,"template":"","format":"standard","meta":{"footnotes":""},"categories":[13,1261],"tags":[1044,1149],"class_list":["post-16638","post","type-post","status-publish","format-standard","hentry","category-ecritures","category-enseignement-2","tag-st-jean-de-damas","tag-transfiguration"],"_links":{"self":[{"href":"https:\/\/www.associationdemarie.org\/blog\/wp-json\/wp\/v2\/posts\/16638","targetHints":{"allow":["GET"]}}],"collection":[{"href":"https:\/\/www.associationdemarie.org\/blog\/wp-json\/wp\/v2\/posts"}],"about":[{"href":"https:\/\/www.associationdemarie.org\/blog\/wp-json\/wp\/v2\/types\/post"}],"author":[{"embeddable":true,"href":"https:\/\/www.associationdemarie.org\/blog\/wp-json\/wp\/v2\/users\/2"}],"replies":[{"embeddable":true,"href":"https:\/\/www.associationdemarie.org\/blog\/wp-json\/wp\/v2\/comments?post=16638"}],"version-history":[{"count":2,"href":"https:\/\/www.associationdemarie.org\/blog\/wp-json\/wp\/v2\/posts\/16638\/revisions"}],"predecessor-version":[{"id":16641,"href":"https:\/\/www.associationdemarie.org\/blog\/wp-json\/wp\/v2\/posts\/16638\/revisions\/16641"}],"wp:attachment":[{"href":"https:\/\/www.associationdemarie.org\/blog\/wp-json\/wp\/v2\/media?parent=16638"}],"wp:term":[{"taxonomy":"category","embeddable":true,"href":"https:\/\/www.associationdemarie.org\/blog\/wp-json\/wp\/v2\/categories?post=16638"},{"taxonomy":"post_tag","embeddable":true,"href":"https:\/\/www.associationdemarie.org\/blog\/wp-json\/wp\/v2\/tags?post=16638"}],"curies":[{"name":"wp","href":"https:\/\/api.w.org\/{rel}","templated":true}]}}