{"id":16621,"date":"2018-08-02T01:48:23","date_gmt":"2018-08-02T00:48:23","guid":{"rendered":"http:\/\/www.associationdemarie.org\/blog\/?p=16621"},"modified":"2018-07-18T08:55:48","modified_gmt":"2018-07-18T07:55:48","slug":"sur-le-rivage-2","status":"publish","type":"post","link":"https:\/\/www.associationdemarie.org\/blog\/sur-le-rivage-2\/","title":{"rendered":"Sur le rivage"},"content":{"rendered":"<p><a href=\"https:\/\/www.associationdemarie.org\/blog\/wp-content\/uploads\/2018\/07\/1511339231.jpg\"><img loading=\"lazy\" decoding=\"async\" class=\"wp-image-16622 aligncenter\" src=\"https:\/\/www.associationdemarie.org\/blog\/wp-content\/uploads\/2018\/07\/1511339231.jpg\" alt=\"\" width=\"466\" height=\"233\" srcset=\"https:\/\/www.associationdemarie.org\/blog\/wp-content\/uploads\/2018\/07\/1511339231.jpg 1200w, https:\/\/www.associationdemarie.org\/blog\/wp-content\/uploads\/2018\/07\/1511339231-300x150.jpg 300w, https:\/\/www.associationdemarie.org\/blog\/wp-content\/uploads\/2018\/07\/1511339231-768x384.jpg 768w, https:\/\/www.associationdemarie.org\/blog\/wp-content\/uploads\/2018\/07\/1511339231-1024x512.jpg 1024w\" sizes=\"auto, (max-width: 466px) 100vw, 466px\" \/><\/a><\/p>\n<p>Avec la mort, le choix de vie fait par l&rsquo;homme devient d\u00e9finitif\u00a0: sa vie est devant le Juge. Son choix, qui a pris forme au cours de toute sa vie, peut avoir diverses caract\u00e9ristiques. Il peut y avoir des personnes qui ont d\u00e9truit totalement en elles le d\u00e9sir de la v\u00e9rit\u00e9 et la disponibilit\u00e9 \u00e0 l&rsquo;amour. Des personnes en qui tout est devenu mensonge, des personnes qui ont v\u00e9cu pour la haine et qui en elles-m\u00eames ont pi\u00e9tin\u00e9 l&rsquo;amour. C&rsquo;est une perspective terrible, mais certains personnages de notre histoire laissent entrevoir de fa\u00e7on effroyable des profils de ce genre. Dans des individus semblables, il n&rsquo;y aurait plus rien de rem\u00e9diable, et la destruction du bien serait irr\u00e9vocable\u00a0: c&rsquo;est cela qu&rsquo;on indique par le mot \u00ab\u00a0enfer\u00a0\u00bb. D&rsquo;autre part, il peut y avoir des personnes tr\u00e8s pures, qui se sont laiss\u00e9es enti\u00e8rement p\u00e9n\u00e9trer par Dieu et qui, par cons\u00e9quent, sont totalement ouvertes au prochain \u2014 personnes dont la communion avec Dieu oriente d\u00e8s maintenant l&rsquo;\u00eatre tout entier et dont le fait d&rsquo;aller vers Dieu conduit seulement \u00e0 l&rsquo;accomplissement de ce qu&rsquo;elles sont d\u00e9sormais. Selon nos exp\u00e9riences, cependant, ni un cas ni l&rsquo;autre ne sont la normalit\u00e9 dans l&rsquo;existence humaine. Chez la plupart des hommes, comme nous pouvons le penser, demeure pr\u00e9sente au plus profond de leur \u00eatre une ultime ouverture int\u00e9rieure pour la v\u00e9rit\u00e9, pour l&rsquo;amour, pour Dieu. Mais, dans les choix concrets de vie, elle est recouverte depuis toujours de nouveaux compromis avec le mal&#8230; Qu&rsquo;advient-il de tels individus lorsqu&rsquo;ils comparaissent devant le Juge\u00a0? Toutes les choses sales qu&rsquo;ils ont accumul\u00e9es dans leur vie deviendront-elles d&rsquo;un coup insignifiantes\u00a0? Dans la premi\u00e8re lettre aux Corinthiens, saint Paul nous donne une id\u00e9e de l&rsquo;impact diff\u00e9rent du jugement de Dieu sur l&rsquo;homme selon son \u00e9tat&#8230;\u00a0: \u00ab\u00a0On peut poursuivre la construction avec de l&rsquo;or, de l&rsquo;argent ou de la belle pierre, avec du bois, de l&rsquo;herbe ou du chaume, mais l&rsquo;ouvrage de chacun sera mis en pleine lumi\u00e8re au jour du jugement. Car cette r\u00e9v\u00e9lation se fera par le feu, et c&rsquo;est le feu qui permettra d&rsquo;appr\u00e9cier la qualit\u00e9 de l&rsquo;ouvrage de chacun. Si l&rsquo;ouvrage construit par quelqu&rsquo;un r\u00e9siste, celui-l\u00e0 recevra un salaire\u00a0; s&rsquo;il est d\u00e9truit par le feu, il perdra son salaire. Et lui-m\u00eame sera sauv\u00e9, mais comme s&rsquo;il \u00e9tait pass\u00e9 \u00e0 travers un feu\u00a0\u00bb (3,12-15).<\/p>\n<p class=\"commentary-author font-2 ng-binding\">Beno\u00eet XVI,\u00a0pape de 2005 \u00e0 2013<\/p>\n<div class=\"commentary-source ng-binding\">Encyclique \u00ab Spe Salvi \u00bb, 45-46 (trad. \u00a9 copyright Libreria Editrice Vaticana)<\/div>\n<div><\/div>\n<div><\/div>\n<div><\/div>\n<div><\/div>\n","protected":false},"excerpt":{"rendered":"<p>Avec la mort, le choix de vie fait par l&rsquo;homme devient d\u00e9finitif\u00a0: sa vie est devant le Juge. Son choix, qui a pris forme au cours de toute sa vie, peut avoir diverses caract\u00e9ristiques. Il peut y avoir des personnes qui ont d\u00e9truit totalement en elles le d\u00e9sir de la v\u00e9rit\u00e9 et la disponibilit\u00e9 \u00e0 [&hellip;]<\/p>\n","protected":false},"author":2,"featured_media":0,"comment_status":"closed","ping_status":"closed","sticky":false,"template":"","format":"standard","meta":{"footnotes":""},"categories":[13,1261],"tags":[142,150,619],"class_list":["post-16621","post","type-post","status-publish","format-standard","hentry","category-ecritures","category-enseignement-2","tag-benoit-16","tag-bien","tag-mal"],"_links":{"self":[{"href":"https:\/\/www.associationdemarie.org\/blog\/wp-json\/wp\/v2\/posts\/16621","targetHints":{"allow":["GET"]}}],"collection":[{"href":"https:\/\/www.associationdemarie.org\/blog\/wp-json\/wp\/v2\/posts"}],"about":[{"href":"https:\/\/www.associationdemarie.org\/blog\/wp-json\/wp\/v2\/types\/post"}],"author":[{"embeddable":true,"href":"https:\/\/www.associationdemarie.org\/blog\/wp-json\/wp\/v2\/users\/2"}],"replies":[{"embeddable":true,"href":"https:\/\/www.associationdemarie.org\/blog\/wp-json\/wp\/v2\/comments?post=16621"}],"version-history":[{"count":1,"href":"https:\/\/www.associationdemarie.org\/blog\/wp-json\/wp\/v2\/posts\/16621\/revisions"}],"predecessor-version":[{"id":16623,"href":"https:\/\/www.associationdemarie.org\/blog\/wp-json\/wp\/v2\/posts\/16621\/revisions\/16623"}],"wp:attachment":[{"href":"https:\/\/www.associationdemarie.org\/blog\/wp-json\/wp\/v2\/media?parent=16621"}],"wp:term":[{"taxonomy":"category","embeddable":true,"href":"https:\/\/www.associationdemarie.org\/blog\/wp-json\/wp\/v2\/categories?post=16621"},{"taxonomy":"post_tag","embeddable":true,"href":"https:\/\/www.associationdemarie.org\/blog\/wp-json\/wp\/v2\/tags?post=16621"}],"curies":[{"name":"wp","href":"https:\/\/api.w.org\/{rel}","templated":true}]}}