{"id":16602,"date":"2018-07-13T08:31:33","date_gmt":"2018-07-13T07:31:33","guid":{"rendered":"http:\/\/www.associationdemarie.org\/blog\/?p=16602"},"modified":"2018-07-13T08:31:33","modified_gmt":"2018-07-13T07:31:33","slug":"union-de-priere-3","status":"publish","type":"post","link":"https:\/\/www.associationdemarie.org\/blog\/union-de-priere-3\/","title":{"rendered":"Union de pri\u00e8re"},"content":{"rendered":"<figure id=\"attachment_16603\" aria-describedby=\"caption-attachment-16603\" style=\"width: 466px\" class=\"wp-caption aligncenter\"><a href=\"https:\/\/www.associationdemarie.org\/blog\/wp-content\/uploads\/2018\/07\/MMDHjuillet1999.png\"><img loading=\"lazy\" decoding=\"async\" class=\" wp-image-16603\" src=\"https:\/\/www.associationdemarie.org\/blog\/wp-content\/uploads\/2018\/07\/MMDHjuillet1999.png\" alt=\"\" width=\"466\" height=\"375\" srcset=\"https:\/\/www.associationdemarie.org\/blog\/wp-content\/uploads\/2018\/07\/MMDHjuillet1999.png 1040w, https:\/\/www.associationdemarie.org\/blog\/wp-content\/uploads\/2018\/07\/MMDHjuillet1999-300x241.png 300w, https:\/\/www.associationdemarie.org\/blog\/wp-content\/uploads\/2018\/07\/MMDHjuillet1999-768x617.png 768w, https:\/\/www.associationdemarie.org\/blog\/wp-content\/uploads\/2018\/07\/MMDHjuillet1999-1024x823.png 1024w\" sizes=\"auto, (max-width: 466px) 100vw, 466px\" \/><\/a><figcaption id=\"caption-attachment-16603\" class=\"wp-caption-text\">En union de pri\u00e8re, tous les soirs \u00e0 18h35, pour les Saintes \u00e2mes du Purgatoire, et tous les vendredis soir, de 21h30 \u00e0 22h00, \u00e0 la demande de Marie M\u00e8re des hommes, aux intentions de ce monde.<\/figcaption><\/figure>\n<p>&nbsp;<\/p>\n<p>&nbsp;<\/p>\n<p>&nbsp;<\/p>\n<p>&nbsp;<\/p>\n<p>&nbsp;<\/p>\n<p>&nbsp;<\/p>\n<p>&nbsp;<\/p>\n<p>&nbsp;<\/p>\n","protected":false},"excerpt":{"rendered":"<p>&nbsp; &nbsp; &nbsp; &nbsp; &nbsp; &nbsp; &nbsp; &nbsp;<\/p>\n","protected":false},"author":2,"featured_media":0,"comment_status":"closed","ping_status":"closed","sticky":false,"template":"","format":"standard","meta":{"footnotes":""},"categories":[14,17,27],"tags":[563,830],"class_list":["post-16602","post","type-post","status-publish","format-standard","hentry","category-groupe-prieres","category-maison-de-marie-dardouane","category-prieres","tag-la-maison-de-marie","tag-priere"],"_links":{"self":[{"href":"https:\/\/www.associationdemarie.org\/blog\/wp-json\/wp\/v2\/posts\/16602","targetHints":{"allow":["GET"]}}],"collection":[{"href":"https:\/\/www.associationdemarie.org\/blog\/wp-json\/wp\/v2\/posts"}],"about":[{"href":"https:\/\/www.associationdemarie.org\/blog\/wp-json\/wp\/v2\/types\/post"}],"author":[{"embeddable":true,"href":"https:\/\/www.associationdemarie.org\/blog\/wp-json\/wp\/v2\/users\/2"}],"replies":[{"embeddable":true,"href":"https:\/\/www.associationdemarie.org\/blog\/wp-json\/wp\/v2\/comments?post=16602"}],"version-history":[{"count":2,"href":"https:\/\/www.associationdemarie.org\/blog\/wp-json\/wp\/v2\/posts\/16602\/revisions"}],"predecessor-version":[{"id":16605,"href":"https:\/\/www.associationdemarie.org\/blog\/wp-json\/wp\/v2\/posts\/16602\/revisions\/16605"}],"wp:attachment":[{"href":"https:\/\/www.associationdemarie.org\/blog\/wp-json\/wp\/v2\/media?parent=16602"}],"wp:term":[{"taxonomy":"category","embeddable":true,"href":"https:\/\/www.associationdemarie.org\/blog\/wp-json\/wp\/v2\/categories?post=16602"},{"taxonomy":"post_tag","embeddable":true,"href":"https:\/\/www.associationdemarie.org\/blog\/wp-json\/wp\/v2\/tags?post=16602"}],"curies":[{"name":"wp","href":"https:\/\/api.w.org\/{rel}","templated":true}]}}