{"id":16598,"date":"2018-07-28T01:24:01","date_gmt":"2018-07-28T00:24:01","guid":{"rendered":"http:\/\/www.associationdemarie.org\/blog\/?p=16598"},"modified":"2018-07-13T08:26:22","modified_gmt":"2018-07-13T07:26:22","slug":"le-bon-grain-et-livraie","status":"publish","type":"post","link":"https:\/\/www.associationdemarie.org\/blog\/le-bon-grain-et-livraie\/","title":{"rendered":"Le bon grain et l&rsquo;ivraie"},"content":{"rendered":"<p><a href=\"https:\/\/www.associationdemarie.org\/blog\/wp-content\/uploads\/2018\/07\/campi-di-grano2.jpg\"><img loading=\"lazy\" decoding=\"async\" class=\"wp-image-16599 aligncenter\" src=\"https:\/\/www.associationdemarie.org\/blog\/wp-content\/uploads\/2018\/07\/campi-di-grano2.jpg\" alt=\"\" width=\"462\" height=\"425\" srcset=\"https:\/\/www.associationdemarie.org\/blog\/wp-content\/uploads\/2018\/07\/campi-di-grano2.jpg 1600w, https:\/\/www.associationdemarie.org\/blog\/wp-content\/uploads\/2018\/07\/campi-di-grano2-300x276.jpg 300w, https:\/\/www.associationdemarie.org\/blog\/wp-content\/uploads\/2018\/07\/campi-di-grano2-768x707.jpg 768w, https:\/\/www.associationdemarie.org\/blog\/wp-content\/uploads\/2018\/07\/campi-di-grano2-1024x943.jpg 1024w\" sizes=\"auto, (max-width: 462px) 100vw, 462px\" \/><\/a><\/p>\n<p>On voit, dans l\u2019\u00c9vangile, aujourd&rsquo;hui, mes fr\u00e8res, que le ma\u00eetre du champ ayant sem\u00e9 son grain en bonne terre, l&rsquo;ennemi vint pendant son sommeil et y sema l&rsquo;ivraie. Cela veut dire que Dieu avait cr\u00e9\u00e9 l&rsquo;Homme bon et parfait, mais que l&rsquo;ennemi est venu et a sem\u00e9 le p\u00e9ch\u00e9. Voil\u00e0 la chute d&rsquo;Adam, terrible chute qui a donn\u00e9 l&rsquo;entr\u00e9e au p\u00e9ch\u00e9 dans le c\u0153ur de l&rsquo;Homme. Il faut arracher l&rsquo;ivraie, dites-vous\u00a0? \u00ab\u00a0Non, r\u00e9pond le Seigneur, de peur qu&rsquo;en arrachant l&rsquo;ivraie vous n&rsquo;arrachiez le bon grain. Attendez jusqu&rsquo;\u00e0 la moisson\u00a0\u00bb. Le c\u0153ur de l&rsquo;Homme doit rester ainsi, jusqu&rsquo;\u00e0 la fin, un m\u00e9lange de bien et de mal, de vice et de vertu, de lumi\u00e8re et de t\u00e9n\u00e8bres, de bon grain et d&rsquo;ivraie. Dieu n&rsquo;a pas voulu d\u00e9truire ce m\u00e9lange, et nous refaire une nature o\u00f9 il n&rsquo;y aurait que du bon grain. Il veut que nous combattions, que nous travaillions \u00e0 emp\u00eacher l&rsquo;ivraie de tout envahir. Le d\u00e9mon vient semer les tentations sur nos pas\u00a0; mais avec la gr\u00e2ce nous pouvons le vaincre, nous pouvons \u00e9touffer l&rsquo;ivraie. Trois choses sont absolument n\u00e9cessaires contre la tentation\u00a0: la pri\u00e8re pour nous \u00e9clairer, les sacrements pour nous fortifier, et la vigilance pour nous pr\u00e9server. Heureuses les \u00e2mes tent\u00e9es\u00a0! C&rsquo;est lorsque le d\u00e9mon pr\u00e9voit qu&rsquo;une \u00e2me tend \u00e0 l&rsquo;union avec Dieu qu&rsquo;il redouble de rage.<\/p>\n<p>&nbsp;<\/p>\n<p class=\"commentary-author font-2 ng-binding\">Saint Jean-Marie Vianney (1786-1859),\u00a0pr\u00eatre, cur\u00e9 d&rsquo;Ars<\/p>\n<div class=\"commentary-source ng-binding\">Esprit du Cur\u00e9 d&rsquo;Ars dans ses Cat\u00e9chismes, ses Hom\u00e9lies, ses Conversations (Abb\u00e9 Monnin, \u00c9ds Tequi 2007, p. 159 ; rev.)<\/div>\n<div><\/div>\n<div><\/div>\n<div><\/div>\n<div><\/div>\n<div><\/div>\n<div>.<\/div>\n<div><\/div>\n","protected":false},"excerpt":{"rendered":"<p>On voit, dans l\u2019\u00c9vangile, aujourd&rsquo;hui, mes fr\u00e8res, que le ma\u00eetre du champ ayant sem\u00e9 son grain en bonne terre, l&rsquo;ennemi vint pendant son sommeil et y sema l&rsquo;ivraie. Cela veut dire que Dieu avait cr\u00e9\u00e9 l&rsquo;Homme bon et parfait, mais que l&rsquo;ennemi est venu et a sem\u00e9 le p\u00e9ch\u00e9. Voil\u00e0 la chute d&rsquo;Adam, terrible chute [&hellip;]<\/p>\n","protected":false},"author":2,"featured_media":0,"comment_status":"closed","ping_status":"closed","sticky":false,"template":"","format":"standard","meta":{"footnotes":""},"categories":[13,1261,16],"tags":[1497,1266,771,1023,1134],"class_list":["post-16598","post","type-post","status-publish","format-standard","hentry","category-ecritures","category-enseignement-2","category-jardins-de-la-bible","tag-bon-grain","tag-ivraie","tag-parole-divine","tag-st-cure-dars","tag-tentation"],"_links":{"self":[{"href":"https:\/\/www.associationdemarie.org\/blog\/wp-json\/wp\/v2\/posts\/16598","targetHints":{"allow":["GET"]}}],"collection":[{"href":"https:\/\/www.associationdemarie.org\/blog\/wp-json\/wp\/v2\/posts"}],"about":[{"href":"https:\/\/www.associationdemarie.org\/blog\/wp-json\/wp\/v2\/types\/post"}],"author":[{"embeddable":true,"href":"https:\/\/www.associationdemarie.org\/blog\/wp-json\/wp\/v2\/users\/2"}],"replies":[{"embeddable":true,"href":"https:\/\/www.associationdemarie.org\/blog\/wp-json\/wp\/v2\/comments?post=16598"}],"version-history":[{"count":2,"href":"https:\/\/www.associationdemarie.org\/blog\/wp-json\/wp\/v2\/posts\/16598\/revisions"}],"predecessor-version":[{"id":16601,"href":"https:\/\/www.associationdemarie.org\/blog\/wp-json\/wp\/v2\/posts\/16598\/revisions\/16601"}],"wp:attachment":[{"href":"https:\/\/www.associationdemarie.org\/blog\/wp-json\/wp\/v2\/media?parent=16598"}],"wp:term":[{"taxonomy":"category","embeddable":true,"href":"https:\/\/www.associationdemarie.org\/blog\/wp-json\/wp\/v2\/categories?post=16598"},{"taxonomy":"post_tag","embeddable":true,"href":"https:\/\/www.associationdemarie.org\/blog\/wp-json\/wp\/v2\/tags?post=16598"}],"curies":[{"name":"wp","href":"https:\/\/api.w.org\/{rel}","templated":true}]}}