{"id":16595,"date":"2018-07-27T01:14:13","date_gmt":"2018-07-27T00:14:13","guid":{"rendered":"http:\/\/www.associationdemarie.org\/blog\/?p=16595"},"modified":"2018-07-12T06:17:36","modified_gmt":"2018-07-12T05:17:36","slug":"ils-ont-produit-trente-soixante-cent-pour-un-2","status":"publish","type":"post","link":"https:\/\/www.associationdemarie.org\/blog\/ils-ont-produit-trente-soixante-cent-pour-un-2\/","title":{"rendered":"\u00ab Ils ont produit trente, soixante, cent pour un. \u00bb"},"content":{"rendered":"<p><a href=\"https:\/\/www.associationdemarie.org\/blog\/wp-content\/uploads\/2018\/07\/jesus-semeur-seminaire-orthodoxe-russe.jpg\"><img loading=\"lazy\" decoding=\"async\" class=\" wp-image-16596 aligncenter\" src=\"https:\/\/www.associationdemarie.org\/blog\/wp-content\/uploads\/2018\/07\/jesus-semeur-seminaire-orthodoxe-russe.jpg\" alt=\"\" width=\"480\" height=\"320\" srcset=\"https:\/\/www.associationdemarie.org\/blog\/wp-content\/uploads\/2018\/07\/jesus-semeur-seminaire-orthodoxe-russe.jpg 800w, https:\/\/www.associationdemarie.org\/blog\/wp-content\/uploads\/2018\/07\/jesus-semeur-seminaire-orthodoxe-russe-300x200.jpg 300w, https:\/\/www.associationdemarie.org\/blog\/wp-content\/uploads\/2018\/07\/jesus-semeur-seminaire-orthodoxe-russe-768x512.jpg 768w\" sizes=\"auto, (max-width: 480px) 100vw, 480px\" \/><\/a><\/p>\n<p>Fr\u00e8res bien-aim\u00e9s, quand nous vous exposons quelque chose d&rsquo;utile pour vos \u00e2mes, que personne n&rsquo;essaye de s&rsquo;excuser en disant\u00a0: \u00ab\u00a0Je n&rsquo;ai pas le temps de lire, c&rsquo;est pourquoi je ne peux pas conna\u00eetre les commandements de Dieu ni les observer\u00a0\u00bb\u2026 Arrachons-nous aux vains bavardages et aux plaisanteries mordantes\u2026, et voyons s&rsquo;il ne nous reste pas de temps \u00e0 consacrer \u00e0 la lecture de l&rsquo;\u00c9criture sainte\u2026 Quand les nuits sont plus longues, y aura-t-il quelqu&rsquo;un capable de tant dormir qu&rsquo;il ne puisse pas lire personnellement ou \u00e9couter quelqu&rsquo;un d&rsquo;autre lire l&rsquo;\u00c9criture\u00a0?&#8230; Car la lumi\u00e8re de l&rsquo;\u00e2me et sa nourriture \u00e9ternelle ne sont rien d&rsquo;autre que la Parole de Dieu, sans laquelle le c\u0153ur ne peut ni vivre ni voir\u2026 Le soin de notre \u00e2me est tout \u00e0 fait semblable \u00e0 la culture de la terre. De m\u00eame que dans une terre cultiv\u00e9e on arrache d&rsquo;un c\u00f4t\u00e9 et que l&rsquo;on extirpe de l&rsquo;autre jusqu&rsquo;\u00e0 la racine pour semer le bon grain, on doit faire de m\u00eame dans notre \u00e2me\u00a0: arracher ce qui est mauvais et planter ce qui est bon\u00a0; extirper ce qui est nuisible, greffer ce qui est utile\u00a0; d\u00e9raciner l&rsquo;orgueil et planter l&rsquo;humilit\u00e9\u00a0; jeter l&rsquo;avarice et garder la mis\u00e9ricorde\u00a0; m\u00e9priser l&rsquo;impuret\u00e9 et aimer la chastet\u00e9\u2026 En effet vous savez comment on cultive la terre. Tout d&rsquo;abord on arrache les ronces, on jette les pierres au loin, ensuite on laboure la terre elle-m\u00eame, on recommence une seconde fois, une troisi\u00e8me, et enfin\u2026 on s\u00e8me. Qu&rsquo;il en soit ainsi dans notre \u00e2me\u00a0: tout d&rsquo;abord, d\u00e9racinons les ronces, c&rsquo;est-\u00e0-dire les pens\u00e9es mauvaises\u00a0; ensuite \u00f4tons les pierres, autrement dit toute malice et duret\u00e9. Enfin labourons notre c\u0153ur avec la charrue de l&rsquo;\u00c9vangile et le soc de la croix, brisons-le par la p\u00e9nitence, ameublissons-le par l&rsquo;aum\u00f4ne, par la charit\u00e9 pr\u00e9parons-le \u00e0 la semence du Seigneur\u2026, afin qu&rsquo;il puisse recevoir avec joie la semence de la parole divine et rapporter non seulement trente, mais soixante et cent fois son fruit.<\/p>\n<p>&nbsp;<\/p>\n<p class=\"commentary-author font-2 ng-binding\">Saint C\u00e9saire d&rsquo;Arles (470-543),\u00a0moine et \u00e9v\u00eaque<\/p>\n<div class=\"commentary-source ng-binding\">Sermons au peuple, n\u00b06 passim ; SC 175 (trad. SC p. 331s)<\/div>\n<div><\/div>\n<div><\/div>\n<div><\/div>\n<div><\/div>\n<div><\/div>\n<div><\/div>\n<div><\/div>\n<div><\/div>\n","protected":false},"excerpt":{"rendered":"<p>Fr\u00e8res bien-aim\u00e9s, quand nous vous exposons quelque chose d&rsquo;utile pour vos \u00e2mes, que personne n&rsquo;essaye de s&rsquo;excuser en disant\u00a0: \u00ab\u00a0Je n&rsquo;ai pas le temps de lire, c&rsquo;est pourquoi je ne peux pas conna\u00eetre les commandements de Dieu ni les observer\u00a0\u00bb\u2026 Arrachons-nous aux vains bavardages et aux plaisanteries mordantes\u2026, et voyons s&rsquo;il ne nous reste pas [&hellip;]<\/p>\n","protected":false},"author":2,"featured_media":0,"comment_status":"closed","ping_status":"closed","sticky":false,"template":"","format":"standard","meta":{"footnotes":""},"categories":[13,1261,16],"tags":[771,973,1229],"class_list":["post-16595","post","type-post","status-publish","format-standard","hentry","category-ecritures","category-enseignement-2","category-jardins-de-la-bible","tag-parole-divine","tag-semeur","tag-st-cesaire-darles"],"_links":{"self":[{"href":"https:\/\/www.associationdemarie.org\/blog\/wp-json\/wp\/v2\/posts\/16595","targetHints":{"allow":["GET"]}}],"collection":[{"href":"https:\/\/www.associationdemarie.org\/blog\/wp-json\/wp\/v2\/posts"}],"about":[{"href":"https:\/\/www.associationdemarie.org\/blog\/wp-json\/wp\/v2\/types\/post"}],"author":[{"embeddable":true,"href":"https:\/\/www.associationdemarie.org\/blog\/wp-json\/wp\/v2\/users\/2"}],"replies":[{"embeddable":true,"href":"https:\/\/www.associationdemarie.org\/blog\/wp-json\/wp\/v2\/comments?post=16595"}],"version-history":[{"count":1,"href":"https:\/\/www.associationdemarie.org\/blog\/wp-json\/wp\/v2\/posts\/16595\/revisions"}],"predecessor-version":[{"id":16597,"href":"https:\/\/www.associationdemarie.org\/blog\/wp-json\/wp\/v2\/posts\/16595\/revisions\/16597"}],"wp:attachment":[{"href":"https:\/\/www.associationdemarie.org\/blog\/wp-json\/wp\/v2\/media?parent=16595"}],"wp:term":[{"taxonomy":"category","embeddable":true,"href":"https:\/\/www.associationdemarie.org\/blog\/wp-json\/wp\/v2\/categories?post=16595"},{"taxonomy":"post_tag","embeddable":true,"href":"https:\/\/www.associationdemarie.org\/blog\/wp-json\/wp\/v2\/tags?post=16595"}],"curies":[{"name":"wp","href":"https:\/\/api.w.org\/{rel}","templated":true}]}}