{"id":16572,"date":"2018-07-21T01:01:38","date_gmt":"2018-07-21T00:01:38","guid":{"rendered":"http:\/\/www.associationdemarie.org\/blog\/?p=16572"},"modified":"2018-07-04T06:03:48","modified_gmt":"2018-07-04T05:03:48","slug":"mon-serviteur-necrasera-pas-le-roseau-froisse-neteindra-pas-la-meche-qui-faiblit","status":"publish","type":"post","link":"https:\/\/www.associationdemarie.org\/blog\/mon-serviteur-necrasera-pas-le-roseau-froisse-neteindra-pas-la-meche-qui-faiblit\/","title":{"rendered":"\u00ab Mon serviteur n&rsquo;\u00e9crasera pas le roseau froiss\u00e9, n&rsquo;\u00e9teindra pas la m\u00e8che qui faiblit&#8230;\u00bb"},"content":{"rendered":"<p><a href=\"https:\/\/www.associationdemarie.org\/blog\/wp-content\/uploads\/2018\/07\/blog-ysa-11.png\"><img loading=\"lazy\" decoding=\"async\" class=\" wp-image-16573 aligncenter\" src=\"https:\/\/www.associationdemarie.org\/blog\/wp-content\/uploads\/2018\/07\/blog-ysa-11.png\" alt=\"\" width=\"528\" height=\"396\" srcset=\"https:\/\/www.associationdemarie.org\/blog\/wp-content\/uploads\/2018\/07\/blog-ysa-11.png 564w, https:\/\/www.associationdemarie.org\/blog\/wp-content\/uploads\/2018\/07\/blog-ysa-11-300x225.png 300w\" sizes=\"auto, (max-width: 528px) 100vw, 528px\" \/><\/a><\/p>\n<p>Je veux ouvrir la bouche, fr\u00e8res, pour vous parler du tr\u00e8s haut sujet de l&rsquo;humilit\u00e9. Et je suis rempli de crainte, comme quelqu&rsquo;un qui sait qu&rsquo;il doit parler de Dieu dans le langage de ses propres pens\u00e9es. Car l&rsquo;humilit\u00e9 est la parure de la Divinit\u00e9. En se faisant homme, le Verbe l&rsquo;a rev\u00eatue. Par elle, il a v\u00e9cu avec nous dans un corps. Et quiconque s&rsquo;en est entour\u00e9, s&rsquo;est rendu pareil en v\u00e9rit\u00e9 \u00e0 Celui qui est descendu de sa hauteur et qui a recouvert sa grandeur et sa gloire par l&rsquo;humilit\u00e9, pour qu&rsquo;\u00e0 sa vue la cr\u00e9ation ne soit pas consum\u00e9e. Car la cr\u00e9ation n&rsquo;aurait pas pu le contempler s&rsquo;il n&rsquo;avait pas pris sur lui l&rsquo;humilit\u00e9 et n&rsquo;avait pas ainsi v\u00e9cu avec elle. Il n&rsquo;y aurait pas eu de face \u00e0 face avec lui. La cr\u00e9ation n&rsquo;aurait pas entendu les paroles de sa bouche&#8230;<\/p>\n<p>C&rsquo;est pourquoi lorsque la cr\u00e9ation voit un homme rev\u00eatu de la ressemblance de son Ma\u00eetre, elle le r\u00e9v\u00e8re et l&rsquo;honore comme son Ma\u00eetre qu&rsquo;elle a vu vivre en elle, rev\u00eatu d&rsquo;humilit\u00e9. Quelle cr\u00e9ature, en effet, ne se laisse pas attendrir \u00e0 la vue de l&rsquo;humble\u00a0? Cependant, tant que la gloire de l&rsquo;humilit\u00e9 ne s&rsquo;\u00e9tait pas r\u00e9v\u00e9l\u00e9e \u00e0 tous dans le Christ, on d\u00e9daignait cette vision si pleine de saintet\u00e9. Mais maintenant, sa grandeur s&rsquo;est lev\u00e9e aux yeux du monde. Il a \u00e9t\u00e9 donn\u00e9 \u00e0 la cr\u00e9ation de recevoir dans la m\u00e9diation d&rsquo;un homme humble la vision de son Cr\u00e9ateur. C&rsquo;est pourquoi l&rsquo;humble n&rsquo;est m\u00e9pris\u00e9 par personne, pas m\u00eame par les ennemis de la v\u00e9rit\u00e9. Celui qui a appris l&rsquo;humilit\u00e9 est v\u00e9n\u00e9r\u00e9, gr\u00e2ce \u00e0 elle, comme s&rsquo;il portait la couronne et la pourpre.<\/p>\n<p>Isaac le Syrien (7e si\u00e8cle), moine pr\u00e8s de Mossoul<br \/>\n<i>Discours asc\u00e9tiques, 1\u00e8re s\u00e9rie n\u00b0 20 (trad. DDB 1981, p. 137)<\/i><\/p>\n<p>&nbsp;<\/p>\n<p>&nbsp;<\/p>\n<p>&nbsp;<\/p>\n","protected":false},"excerpt":{"rendered":"<p>Je veux ouvrir la bouche, fr\u00e8res, pour vous parler du tr\u00e8s haut sujet de l&rsquo;humilit\u00e9. Et je suis rempli de crainte, comme quelqu&rsquo;un qui sait qu&rsquo;il doit parler de Dieu dans le langage de ses propres pens\u00e9es. Car l&rsquo;humilit\u00e9 est la parure de la Divinit\u00e9. En se faisant homme, le Verbe l&rsquo;a rev\u00eatue. Par elle, [&hellip;]<\/p>\n","protected":false},"author":2,"featured_media":0,"comment_status":"closed","ping_status":"closed","sticky":false,"template":"","format":"standard","meta":{"footnotes":""},"categories":[13,1261],"tags":[487,509],"class_list":["post-16572","post","type-post","status-publish","format-standard","hentry","category-ecritures","category-enseignement-2","tag-humilite","tag-isaac-le-syrien"],"_links":{"self":[{"href":"https:\/\/www.associationdemarie.org\/blog\/wp-json\/wp\/v2\/posts\/16572","targetHints":{"allow":["GET"]}}],"collection":[{"href":"https:\/\/www.associationdemarie.org\/blog\/wp-json\/wp\/v2\/posts"}],"about":[{"href":"https:\/\/www.associationdemarie.org\/blog\/wp-json\/wp\/v2\/types\/post"}],"author":[{"embeddable":true,"href":"https:\/\/www.associationdemarie.org\/blog\/wp-json\/wp\/v2\/users\/2"}],"replies":[{"embeddable":true,"href":"https:\/\/www.associationdemarie.org\/blog\/wp-json\/wp\/v2\/comments?post=16572"}],"version-history":[{"count":1,"href":"https:\/\/www.associationdemarie.org\/blog\/wp-json\/wp\/v2\/posts\/16572\/revisions"}],"predecessor-version":[{"id":16574,"href":"https:\/\/www.associationdemarie.org\/blog\/wp-json\/wp\/v2\/posts\/16572\/revisions\/16574"}],"wp:attachment":[{"href":"https:\/\/www.associationdemarie.org\/blog\/wp-json\/wp\/v2\/media?parent=16572"}],"wp:term":[{"taxonomy":"category","embeddable":true,"href":"https:\/\/www.associationdemarie.org\/blog\/wp-json\/wp\/v2\/categories?post=16572"},{"taxonomy":"post_tag","embeddable":true,"href":"https:\/\/www.associationdemarie.org\/blog\/wp-json\/wp\/v2\/tags?post=16572"}],"curies":[{"name":"wp","href":"https:\/\/api.w.org\/{rel}","templated":true}]}}