{"id":16568,"date":"2018-07-20T01:26:45","date_gmt":"2018-07-20T00:26:45","guid":{"rendered":"http:\/\/www.associationdemarie.org\/blog\/?p=16568"},"modified":"2018-07-03T17:29:10","modified_gmt":"2018-07-03T16:29:10","slug":"le-maitre-du-sabbat","status":"publish","type":"post","link":"https:\/\/www.associationdemarie.org\/blog\/le-maitre-du-sabbat\/","title":{"rendered":"Le ma\u00eetre du sabbat"},"content":{"rendered":"<p><a href=\"https:\/\/www.associationdemarie.org\/blog\/wp-content\/uploads\/2018\/07\/26320.jpeg\"><img loading=\"lazy\" decoding=\"async\" class=\" wp-image-16569 aligncenter\" src=\"https:\/\/www.associationdemarie.org\/blog\/wp-content\/uploads\/2018\/07\/26320.jpeg\" alt=\"\" width=\"478\" height=\"286\" srcset=\"https:\/\/www.associationdemarie.org\/blog\/wp-content\/uploads\/2018\/07\/26320.jpeg 680w, https:\/\/www.associationdemarie.org\/blog\/wp-content\/uploads\/2018\/07\/26320-300x180.jpeg 300w\" sizes=\"auto, (max-width: 478px) 100vw, 478px\" \/><\/a><\/p>\n<p>Par l&rsquo;interm\u00e9diaire de Mo\u00efse son serviteur, le Seigneur a demand\u00e9 aux fils d&rsquo;Isra\u00ebl d&rsquo;observer le sabbat. Il leur a dit\u00a0: \u00ab\u00a0Pendant six jours, tu feras ton travail mais le septi\u00e8me jour est un sabbat, un jour de saint repos pour le Seigneur ton Dieu\u00a0\u00bb (Ex 20,9)&#8230; Il les a avertis\u00a0: \u00ab\u00a0Tu te reposeras, toi, ton serviteur, ta servante, tes b\u0153ufs et ton \u00e2ne\u00a0\u00bb. Il a m\u00eame ajout\u00e9\u00a0: \u00ab\u00a0Le mercenaire et l&rsquo;\u00e9tranger se reposeront \u00e9galement ainsi que toute b\u00eate qui peine \u00e0 ton service\u00a0\u00bb (Ex 23,12)&#8230; Le sabbat n&rsquo;a pas \u00e9t\u00e9 impos\u00e9 comme une \u00e9preuve, un choix entre la vie et la mort, entre la justice et le p\u00e9ch\u00e9, comme les autres pr\u00e9ceptes par lesquels l&rsquo;homme peut vivre ou mourir. Non, le sabbat, en son temps, a \u00e9t\u00e9 donn\u00e9 au peuple en vue du repos \u2013- non seulement des hommes mais des b\u00eates aussi&#8230;<\/p>\n<p>\u00c9coute maintenant quel est le sabbat qui pla\u00eet \u00e0 Dieu. Isa\u00efe l&rsquo;a dit\u00a0: \u00ab\u00a0Donnez du repos \u00e0 ceux qui sont accabl\u00e9s\u00a0\u00bb (28,12). Et ailleurs\u00a0: \u00ab\u00a0Ceux qui gardent le sabbat sans le profaner, ce sont ceux qui sont r\u00e9confort\u00e9s par mon alliance et choisissent ce qui me pla\u00eet\u00a0\u00bb (56,4)&#8230; Le sabbat n&rsquo;est d&rsquo;aucun profit pour les m\u00e9chants, les assassins, les voleurs. Mais ceux qui choisissent ce qui plait \u00e0 Dieu et gardent leurs mains du mal, en ceux-l\u00e0 Dieu habite\u00a0; il fait d&rsquo;eux sa demeure selon sa parole\u00a0: \u00ab\u00a0J&rsquo;habiterai en eux et je marcherai au milieu d&rsquo;eux\u00a0\u00bb (Lv 26,12; 2Co 6,16)&#8230; Nous donc, gardons fid\u00e8lement le sabbat de Dieu, c&rsquo;est-\u00e0-dire ce qui pla\u00eet \u00e0 son c\u0153ur. Nous entrerons ainsi dans le sabbat du grand repos, le sabbat du ciel et de la terre o\u00f9 toute cr\u00e9ature se reposera.<\/p>\n<p>Aphraate (?-v. 345), moine et \u00e9v\u00eaque pr\u00e8s de Mossoul<br \/>\n<i>Les Expos\u00e9s, n\u00b013, 1-2.13 (trad. cf SC 359, p. 589s)<\/i><\/p>\n<p>&nbsp;<\/p>\n<p>&nbsp;<\/p>\n<p>&nbsp;<\/p>\n","protected":false},"excerpt":{"rendered":"<p>Par l&rsquo;interm\u00e9diaire de Mo\u00efse son serviteur, le Seigneur a demand\u00e9 aux fils d&rsquo;Isra\u00ebl d&rsquo;observer le sabbat. Il leur a dit\u00a0: \u00ab\u00a0Pendant six jours, tu feras ton travail mais le septi\u00e8me jour est un sabbat, un jour de saint repos pour le Seigneur ton Dieu\u00a0\u00bb (Ex 20,9)&#8230; Il les a avertis\u00a0: \u00ab\u00a0Tu te reposeras, toi, ton [&hellip;]<\/p>\n","protected":false},"author":2,"featured_media":0,"comment_status":"closed","ping_status":"closed","sticky":false,"template":"","format":"standard","meta":{"footnotes":""},"categories":[13,1261],"tags":[1236,911],"class_list":["post-16568","post","type-post","status-publish","format-standard","hentry","category-ecritures","category-enseignement-2","tag-aphraate","tag-sabbat"],"_links":{"self":[{"href":"https:\/\/www.associationdemarie.org\/blog\/wp-json\/wp\/v2\/posts\/16568","targetHints":{"allow":["GET"]}}],"collection":[{"href":"https:\/\/www.associationdemarie.org\/blog\/wp-json\/wp\/v2\/posts"}],"about":[{"href":"https:\/\/www.associationdemarie.org\/blog\/wp-json\/wp\/v2\/types\/post"}],"author":[{"embeddable":true,"href":"https:\/\/www.associationdemarie.org\/blog\/wp-json\/wp\/v2\/users\/2"}],"replies":[{"embeddable":true,"href":"https:\/\/www.associationdemarie.org\/blog\/wp-json\/wp\/v2\/comments?post=16568"}],"version-history":[{"count":2,"href":"https:\/\/www.associationdemarie.org\/blog\/wp-json\/wp\/v2\/posts\/16568\/revisions"}],"predecessor-version":[{"id":16571,"href":"https:\/\/www.associationdemarie.org\/blog\/wp-json\/wp\/v2\/posts\/16568\/revisions\/16571"}],"wp:attachment":[{"href":"https:\/\/www.associationdemarie.org\/blog\/wp-json\/wp\/v2\/media?parent=16568"}],"wp:term":[{"taxonomy":"category","embeddable":true,"href":"https:\/\/www.associationdemarie.org\/blog\/wp-json\/wp\/v2\/categories?post=16568"},{"taxonomy":"post_tag","embeddable":true,"href":"https:\/\/www.associationdemarie.org\/blog\/wp-json\/wp\/v2\/tags?post=16568"}],"curies":[{"name":"wp","href":"https:\/\/api.w.org\/{rel}","templated":true}]}}