{"id":16518,"date":"2018-07-07T01:16:41","date_gmt":"2018-07-07T00:16:41","guid":{"rendered":"http:\/\/www.associationdemarie.org\/blog\/?p=16518"},"modified":"2018-06-22T09:18:18","modified_gmt":"2018-06-22T08:18:18","slug":"alors-ils-jeuneront-4","status":"publish","type":"post","link":"https:\/\/www.associationdemarie.org\/blog\/alors-ils-jeuneront-4\/","title":{"rendered":"\u00ab Alors ils je\u00fbneront&#8230; \u00bb"},"content":{"rendered":"<p><a href=\"https:\/\/www.associationdemarie.org\/blog\/wp-content\/uploads\/2018\/06\/6038.jpeg\"><img loading=\"lazy\" decoding=\"async\" class=\"aligncenter  wp-image-16519\" src=\"https:\/\/www.associationdemarie.org\/blog\/wp-content\/uploads\/2018\/06\/6038.jpeg\" alt=\"\" width=\"468\" height=\"280\" srcset=\"https:\/\/www.associationdemarie.org\/blog\/wp-content\/uploads\/2018\/06\/6038.jpeg 680w, https:\/\/www.associationdemarie.org\/blog\/wp-content\/uploads\/2018\/06\/6038-300x180.jpeg 300w\" sizes=\"auto, (max-width: 468px) 100vw, 468px\" \/><\/a><\/p>\n<p>\u00ab\u00a0Des jours viendront o\u00f9 l&rsquo;Epoux leur sera enlev\u00e9\u00a0; alors ils je\u00fbneront. \u00bb Puisque l&rsquo;Epoux nous a \u00e9t\u00e9 enlev\u00e9, c&rsquo;est pour nous le temps de la tristesse et des pleurs. Cet Epoux \u00ab\u00a0est plus beau que tous les enfants des hommes\u00a0; la gr\u00e2ce est r\u00e9pandue sur ses l\u00e8vres \u00bb (Ps 44,3) et pourtant, sous la main de ses bourreaux, il a perdu tout \u00e9clat, toute beaut\u00e9, et il a \u00e9t\u00e9 retranch\u00e9 de la terre des vivants (Is 53,2.8). Or notre deuil est juste si nous br\u00fblons du d\u00e9sir de le voir. Heureux ceux qui, avant sa Passion, ont pu jouir de sa pr\u00e9sence, l&rsquo;interroger comme ils le voulaient et l&rsquo;\u00e9couter comme il se devait&#8230; Quant \u00e0 nous, nous voyons maintenant l&rsquo;accomplissement de ce qu&rsquo;il a dit\u00a0: \u00ab\u00a0Le temps viendra o\u00f9 vous d\u00e9sirerez voir un des jours du Fils de l&rsquo;homme, et vous ne le verrez pas \u00bb (Lc 17,22)&#8230;<\/p>\n<p>Qui ne dirait pas avec le roi proph\u00e8te\u00a0: \u00ab\u00a0Mes larmes sont devenues ma nourriture jour et nuit, pendant qu&rsquo;on me dit sans cesse\u00a0: &lsquo; O\u00f9 est ton Dieu\u00a0? &lsquo; \u00bb (Ps 41,4) Nous croyons en lui sans doute, assis d\u00e9j\u00e0 \u00e0 la droite du P\u00e8re, mais tant que nous sommes dans ce corps, nous voyageons loin de lui (2Co 5,6), et nous ne pouvons pas le montrer \u00e0 ceux qui doutent de son existence, et m\u00eame qui la nient en disant\u00a0: \u00ab\u00a0O\u00f9 est ton Dieu\u00a0? \u00bb&#8230;<\/p>\n<p>\u00ab\u00a0Encore un peu de temps, disait le Seigneur \u00e0 ses disciples, et vous ne me verrez plus, et encore un peu de temps et vous me verrez \u00bb (Jn 16,19). Maintenant, c&rsquo;est l&rsquo;heure dont il a dit\u00a0: \u00ab\u00a0Vous serez dans la tristesse, mais le monde sera dans la joie&#8230; Mais, ajoute-t-il, je vous verrai de nouveau et votre c\u0153ur se r\u00e9jouira, et nul ne vous enl\u00e8vera votre joie \u00bb (v. 20). L&rsquo;esp\u00e9rance que nous donne ainsi celui qui est fid\u00e8le dans ses promesses ne nous laisse pas, d\u00e8s maintenant, sans quelque joie \u2014 jusqu&rsquo;\u00e0 ce que vienne la joie surabondante du jour o\u00f9 nous lui serons semblables, parce que nous le verrons tel qu&rsquo;il est (1Jn 3,2)&#8230; \u00ab\u00a0Une femme qui enfante, dit notre Seigneur, est dans la peine, parce que son heure est venue. Mais, quand l&rsquo;enfant est n\u00e9, elle \u00e9prouve une grande joie, parce qu&rsquo;un \u00eatre humain est venu dans le monde \u00bb (Jn 16,21). C&rsquo;est cette joie que personne ne pourra nous enlever, et dont nous serons combl\u00e9s lorsque nous passerons de la conception pr\u00e9sente de la foi \u00e0 la lumi\u00e8re \u00e9ternelle. Je\u00fbnons donc maintenant, et prions, puisque nous sommes encore au jour de l&rsquo;enfantement.<\/p>\n<p>Saint Augustin (354-430), \u00e9v\u00eaque d&rsquo;Hippone (Afrique du Nord) et docteur de l&rsquo;\u00c9glise<br \/>\n<i>Sermon 210 (trad. En Calcat rev.)<\/i><\/p>\n<p>&nbsp;<\/p>\n<p>&nbsp;<\/p>\n<p>&nbsp;<\/p>\n","protected":false},"excerpt":{"rendered":"<p>\u00ab\u00a0Des jours viendront o\u00f9 l&rsquo;Epoux leur sera enlev\u00e9\u00a0; alors ils je\u00fbneront. \u00bb Puisque l&rsquo;Epoux nous a \u00e9t\u00e9 enlev\u00e9, c&rsquo;est pour nous le temps de la tristesse et des pleurs. Cet Epoux \u00ab\u00a0est plus beau que tous les enfants des hommes\u00a0; la gr\u00e2ce est r\u00e9pandue sur ses l\u00e8vres \u00bb (Ps 44,3) et pourtant, sous la main [&hellip;]<\/p>\n","protected":false},"author":2,"featured_media":0,"comment_status":"closed","ping_status":"closed","sticky":false,"template":"","format":"standard","meta":{"footnotes":""},"categories":[13,1261],"tags":[369,540,1012],"class_list":["post-16518","post","type-post","status-publish","format-standard","hentry","category-ecritures","category-enseignement-2","tag-epoux","tag-jeune","tag-st-augustin"],"_links":{"self":[{"href":"https:\/\/www.associationdemarie.org\/blog\/wp-json\/wp\/v2\/posts\/16518","targetHints":{"allow":["GET"]}}],"collection":[{"href":"https:\/\/www.associationdemarie.org\/blog\/wp-json\/wp\/v2\/posts"}],"about":[{"href":"https:\/\/www.associationdemarie.org\/blog\/wp-json\/wp\/v2\/types\/post"}],"author":[{"embeddable":true,"href":"https:\/\/www.associationdemarie.org\/blog\/wp-json\/wp\/v2\/users\/2"}],"replies":[{"embeddable":true,"href":"https:\/\/www.associationdemarie.org\/blog\/wp-json\/wp\/v2\/comments?post=16518"}],"version-history":[{"count":1,"href":"https:\/\/www.associationdemarie.org\/blog\/wp-json\/wp\/v2\/posts\/16518\/revisions"}],"predecessor-version":[{"id":16520,"href":"https:\/\/www.associationdemarie.org\/blog\/wp-json\/wp\/v2\/posts\/16518\/revisions\/16520"}],"wp:attachment":[{"href":"https:\/\/www.associationdemarie.org\/blog\/wp-json\/wp\/v2\/media?parent=16518"}],"wp:term":[{"taxonomy":"category","embeddable":true,"href":"https:\/\/www.associationdemarie.org\/blog\/wp-json\/wp\/v2\/categories?post=16518"},{"taxonomy":"post_tag","embeddable":true,"href":"https:\/\/www.associationdemarie.org\/blog\/wp-json\/wp\/v2\/tags?post=16518"}],"curies":[{"name":"wp","href":"https:\/\/api.w.org\/{rel}","templated":true}]}}