{"id":16514,"date":"2018-07-06T01:46:30","date_gmt":"2018-07-06T00:46:30","guid":{"rendered":"http:\/\/www.associationdemarie.org\/blog\/?p=16514"},"modified":"2018-06-21T12:48:09","modified_gmt":"2018-06-21T11:48:09","slug":"je-suis-venu-appeler-non-pas-les-justes-mais-les-pecheurs-2","status":"publish","type":"post","link":"https:\/\/www.associationdemarie.org\/blog\/je-suis-venu-appeler-non-pas-les-justes-mais-les-pecheurs-2\/","title":{"rendered":"\u00ab Je suis venu appeler non pas les justes mais les p\u00e9cheurs. \u00bb"},"content":{"rendered":"<p><a href=\"https:\/\/www.associationdemarie.org\/blog\/wp-content\/uploads\/2018\/06\/sacrement-du-pardon.jpg\"><img loading=\"lazy\" decoding=\"async\" class=\"aligncenter  wp-image-16515\" src=\"https:\/\/www.associationdemarie.org\/blog\/wp-content\/uploads\/2018\/06\/sacrement-du-pardon.jpg\" alt=\"\" width=\"472\" height=\"314\" srcset=\"https:\/\/www.associationdemarie.org\/blog\/wp-content\/uploads\/2018\/06\/sacrement-du-pardon.jpg 1024w, https:\/\/www.associationdemarie.org\/blog\/wp-content\/uploads\/2018\/06\/sacrement-du-pardon-300x200.jpg 300w, https:\/\/www.associationdemarie.org\/blog\/wp-content\/uploads\/2018\/06\/sacrement-du-pardon-768x512.jpg 768w\" sizes=\"auto, (max-width: 472px) 100vw, 472px\" \/><\/a><\/p>\n<p>Pourquoi J\u00e9sus n&rsquo;a-t-il pas appel\u00e9 Matthieu en m\u00eame temps que Pierre, Jean et les autres\u00a0? De m\u00eame qu&rsquo;il est venu sur terre quand il a senti que les hommes \u00e9taient dispos\u00e9s \u00e0 lui ob\u00e9ir, de m\u00eame il a appel\u00e9 Matthieu quand il a su qu&rsquo;il le suivrait. C&rsquo;est pour la m\u00eame raison qu&rsquo;il s&rsquo;est attach\u00e9 Paul seulement apr\u00e8s la R\u00e9surrection (Ac 9). Car, sondant les c\u0153urs, p\u00e9n\u00e9trant au plus intime de l&rsquo;\u00e2me de chacun, il savait bien \u00e0 quel moment chacun \u00e9tait dispos\u00e9 \u00e0 le suivre. Si Matthieu n&rsquo;a pas \u00e9t\u00e9 appel\u00e9 au commencement, c&rsquo;est qu&rsquo;il avait encore le c\u0153ur trop dur\u00a0; mais apr\u00e8s les nombreux miracles, quand la renomm\u00e9e de J\u00e9sus avait grandi, il \u00e9tait plus dispos\u00e9 \u00e0 \u00e9couter le Ma\u00eetre, et J\u00e9sus le savait.<\/p>\n<p>Il convient aussi d&rsquo;admirer la vertu de cet ap\u00f4tre, qui ne dissimule pas sa vie pass\u00e9e&#8230; Son m\u00e9tier \u00e9tait honteux, sans conscience\u00a0; les profits qu&rsquo;il en tirait n&rsquo;avaient aucune excuse. Malgr\u00e9 tout cela, J\u00e9sus l&rsquo;a appel\u00e9. Il ne rougit pas d&rsquo;appeler un publicain, comme il n&rsquo;a pas rougi de parler \u00e0 une prostitu\u00e9e et lui a m\u00eame permis de baiser ses pieds et de les arroser de larmes (Lc 7,36s). Car s&rsquo;il est venu, ce n&rsquo;est pas seulement pour soigner les corps, mais encore pour gu\u00e9rir les \u00e2mes. C&rsquo;est ce qu&rsquo;il venait de faire pour le paralytique\u00a0; apr\u00e8s avoir clairement montr\u00e9 qu&rsquo;il a la puissance de pardonner les p\u00e9ch\u00e9s, il vient vers Matthieu, afin que les gens ne soient plus \u00e9tonn\u00e9s de le voir choisir un publicain comme disciple.<\/p>\n<p>Saint Jean Chrysostome (v. 345-407), pr\u00eatre \u00e0 Antioche puis \u00e9v\u00eaque de Constantinople, docteur de l&rsquo;\u00c9glise<br \/>\n<i>Hom\u00e9lies sur saint Matthieu, 30, 1-2 (trad. V\u00e9ricel, Les P\u00e8res commentent, p.104)<\/i><\/p>\n<p>&nbsp;<\/p>\n<p>&nbsp;<\/p>\n<p>&nbsp;<\/p>\n","protected":false},"excerpt":{"rendered":"<p>Pourquoi J\u00e9sus n&rsquo;a-t-il pas appel\u00e9 Matthieu en m\u00eame temps que Pierre, Jean et les autres\u00a0? De m\u00eame qu&rsquo;il est venu sur terre quand il a senti que les hommes \u00e9taient dispos\u00e9s \u00e0 lui ob\u00e9ir, de m\u00eame il a appel\u00e9 Matthieu quand il a su qu&rsquo;il le suivrait. C&rsquo;est pour la m\u00eame raison qu&rsquo;il s&rsquo;est attach\u00e9 [&hellip;]<\/p>\n","protected":false},"author":2,"featured_media":0,"comment_status":"closed","ping_status":"closed","sticky":false,"template":"","format":"standard","meta":{"footnotes":""},"categories":[13,1261],"tags":[84,1043,1059],"class_list":["post-16514","post","type-post","status-publish","format-standard","hentry","category-ecritures","category-enseignement-2","tag-apotres","tag-st-jean-chrysostome","tag-st-matthieu"],"_links":{"self":[{"href":"https:\/\/www.associationdemarie.org\/blog\/wp-json\/wp\/v2\/posts\/16514","targetHints":{"allow":["GET"]}}],"collection":[{"href":"https:\/\/www.associationdemarie.org\/blog\/wp-json\/wp\/v2\/posts"}],"about":[{"href":"https:\/\/www.associationdemarie.org\/blog\/wp-json\/wp\/v2\/types\/post"}],"author":[{"embeddable":true,"href":"https:\/\/www.associationdemarie.org\/blog\/wp-json\/wp\/v2\/users\/2"}],"replies":[{"embeddable":true,"href":"https:\/\/www.associationdemarie.org\/blog\/wp-json\/wp\/v2\/comments?post=16514"}],"version-history":[{"count":2,"href":"https:\/\/www.associationdemarie.org\/blog\/wp-json\/wp\/v2\/posts\/16514\/revisions"}],"predecessor-version":[{"id":16517,"href":"https:\/\/www.associationdemarie.org\/blog\/wp-json\/wp\/v2\/posts\/16514\/revisions\/16517"}],"wp:attachment":[{"href":"https:\/\/www.associationdemarie.org\/blog\/wp-json\/wp\/v2\/media?parent=16514"}],"wp:term":[{"taxonomy":"category","embeddable":true,"href":"https:\/\/www.associationdemarie.org\/blog\/wp-json\/wp\/v2\/categories?post=16514"},{"taxonomy":"post_tag","embeddable":true,"href":"https:\/\/www.associationdemarie.org\/blog\/wp-json\/wp\/v2\/tags?post=16514"}],"curies":[{"name":"wp","href":"https:\/\/api.w.org\/{rel}","templated":true}]}}