{"id":16492,"date":"2018-07-01T01:57:07","date_gmt":"2018-07-01T00:57:07","guid":{"rendered":"http:\/\/www.associationdemarie.org\/blog\/?p=16492"},"modified":"2018-06-16T06:59:23","modified_gmt":"2018-06-16T05:59:23","slug":"je-te-le-dis-leve-toi","status":"publish","type":"post","link":"https:\/\/www.associationdemarie.org\/blog\/je-te-le-dis-leve-toi\/","title":{"rendered":"\u00ab Je te le dis, l\u00e8ve-toi ! \u00bb"},"content":{"rendered":"<p><img loading=\"lazy\" decoding=\"async\" class=\"aligncenter  wp-image-16493\" src=\"https:\/\/www.associationdemarie.org\/blog\/wp-content\/uploads\/2018\/06\/talith10.jpg\" alt=\"\" width=\"445\" height=\"343\" srcset=\"https:\/\/www.associationdemarie.org\/blog\/wp-content\/uploads\/2018\/06\/talith10.jpg 625w, https:\/\/www.associationdemarie.org\/blog\/wp-content\/uploads\/2018\/06\/talith10-300x231.jpg 300w\" sizes=\"auto, (max-width: 445px) 100vw, 445px\" \/><\/p>\n<p>\u00ab\u00a0Il ne laissa personne l&rsquo;accompagner, si ce n&rsquo;est Pierre, Jacques et Jean, le fr\u00e8re de Jacques \u00bb. On pourrait se demander pourquoi J\u00e9sus emm\u00e8ne toujours ces disciples-l\u00e0 et pourquoi il laisse les autres. Ainsi, lorsqu&rsquo;il a \u00e9t\u00e9 transfigur\u00e9 sur la montagne, ces trois-l\u00e0 l&rsquo;accompagnaient d\u00e9j\u00e0&#8230; Sont choisis Pierre, sur qui l&rsquo;\u00c9glise a \u00e9t\u00e9 b\u00e2tie, ainsi que Jacques, le premier ap\u00f4tre qui ait re\u00e7u la palme du martyre, et Jean, le premier \u00e0 pr\u00f4ner la virginit\u00e9&#8230;<\/p>\n<p>\u00ab\u00a0Et il p\u00e9n\u00e8tre l\u00e0 o\u00f9 \u00e9tait l&rsquo;enfant, et tenant l&rsquo;enfant par la main, il lui dit\u00a0: Talitha koum.\u00a0\u00a0Et aussit\u00f4t, la fillette se tint debout, et elle marchait. \u00bb Souhaitons que J\u00e9sus nous touche nous aussi, et aussit\u00f4t nous marcherons. Que nous soyons paralytiques ou que nous commettions de mauvaises actions, nous ne pouvons pas marcher ; nous sommes peut-\u00eatre couch\u00e9s sur le lit de nos p\u00e9ch\u00e9s comme sur notre lit v\u00e9ritable. D\u00e8s que J\u00e9sus nous aura touch\u00e9s, nous serons aussit\u00f4t gu\u00e9ris. La belle-m\u00e8re de Pierre souffrait de fortes fi\u00e8vres ; J\u00e9sus lui a pris la main, elle s&rsquo;est relev\u00e9e et aussit\u00f4t elle les servait (Mc 1,31)&#8230; \u00ab\u00a0Et il leur dit de lui donner \u00e0 manger. \u00bb De gr\u00e2ce, Seigneur, touche-nous la main, \u00e0 nous qui sommes couch\u00e9s, rel\u00e8ve-nous du lit de nos p\u00e9ch\u00e9s, fais-nous marcher. Lorsque nous aurons march\u00e9, ordonne qu&rsquo;on nous donne \u00e0 manger. Gisants, nous ne pouvons pas marcher, et si nous ne sommes pas debout, nous ne pouvons pas recevoir le corps du Christ, \u00e0 qui appartient la gloire, avec le P\u00e8re et le Saint Esprit, pour les si\u00e8cles des si\u00e8cles.<\/p>\n<p>Saint J\u00e9r\u00f4me (347-420), pr\u00eatre, traducteur de la Bible, docteur de l&rsquo;\u00c9glise<br \/>\n<i>Commentaire sur l&rsquo;\u00e9vangile de Marc, 2 ; PLS 2, 125s (trad. DDB 1986, p. 55)<\/i><\/p>\n<p>&nbsp;<\/p>\n<p>&nbsp;<\/p>\n<p>&nbsp;<\/p>\n","protected":false},"excerpt":{"rendered":"<p>\u00ab\u00a0Il ne laissa personne l&rsquo;accompagner, si ce n&rsquo;est Pierre, Jacques et Jean, le fr\u00e8re de Jacques \u00bb. On pourrait se demander pourquoi J\u00e9sus emm\u00e8ne toujours ces disciples-l\u00e0 et pourquoi il laisse les autres. Ainsi, lorsqu&rsquo;il a \u00e9t\u00e9 transfigur\u00e9 sur la montagne, ces trois-l\u00e0 l&rsquo;accompagnaient d\u00e9j\u00e0&#8230; Sont choisis Pierre, sur qui l&rsquo;\u00c9glise a \u00e9t\u00e9 b\u00e2tie, ainsi [&hellip;]<\/p>\n","protected":false},"author":2,"featured_media":0,"comment_status":"closed","ping_status":"closed","sticky":false,"template":"","format":"standard","meta":{"footnotes":""},"categories":[13,1261],"tags":[676,1040,1041,1047,1071,1149],"class_list":["post-16492","post","type-post","status-publish","format-standard","hentry","category-ecritures","category-enseignement-2","tag-miracle","tag-st-jacques","tag-st-jean","tag-st-jerome","tag-st-pierre","tag-transfiguration"],"_links":{"self":[{"href":"https:\/\/www.associationdemarie.org\/blog\/wp-json\/wp\/v2\/posts\/16492","targetHints":{"allow":["GET"]}}],"collection":[{"href":"https:\/\/www.associationdemarie.org\/blog\/wp-json\/wp\/v2\/posts"}],"about":[{"href":"https:\/\/www.associationdemarie.org\/blog\/wp-json\/wp\/v2\/types\/post"}],"author":[{"embeddable":true,"href":"https:\/\/www.associationdemarie.org\/blog\/wp-json\/wp\/v2\/users\/2"}],"replies":[{"embeddable":true,"href":"https:\/\/www.associationdemarie.org\/blog\/wp-json\/wp\/v2\/comments?post=16492"}],"version-history":[{"count":2,"href":"https:\/\/www.associationdemarie.org\/blog\/wp-json\/wp\/v2\/posts\/16492\/revisions"}],"predecessor-version":[{"id":16495,"href":"https:\/\/www.associationdemarie.org\/blog\/wp-json\/wp\/v2\/posts\/16492\/revisions\/16495"}],"wp:attachment":[{"href":"https:\/\/www.associationdemarie.org\/blog\/wp-json\/wp\/v2\/media?parent=16492"}],"wp:term":[{"taxonomy":"category","embeddable":true,"href":"https:\/\/www.associationdemarie.org\/blog\/wp-json\/wp\/v2\/categories?post=16492"},{"taxonomy":"post_tag","embeddable":true,"href":"https:\/\/www.associationdemarie.org\/blog\/wp-json\/wp\/v2\/tags?post=16492"}],"curies":[{"name":"wp","href":"https:\/\/api.w.org\/{rel}","templated":true}]}}