{"id":1648,"date":"2010-10-27T07:17:24","date_gmt":"2010-10-27T07:17:24","guid":{"rendered":"http:\/\/preprod.meltem-int.com\/marie\/blog\/?p=1648"},"modified":"2010-10-27T07:17:24","modified_gmt":"2010-10-27T07:17:24","slug":"il-y-a-des-derniers-qui-seront-premiers-et-des-premiers-qui-seront-derniers","status":"publish","type":"post","link":"https:\/\/www.associationdemarie.org\/blog\/il-y-a-des-derniers-qui-seront-premiers-et-des-premiers-qui-seront-derniers\/","title":{"rendered":"Il y a des derniers qui seront premiers, et des premiers qui seront derniers."},"content":{"rendered":"<p><strong><a href=\"https:\/\/www.associationdemarie.org\/blog\/wp-content\/uploads\/2010\/10\/porte.jpg\"><img loading=\"lazy\" decoding=\"async\" class=\"alignleft size-thumbnail wp-image-1649\" title=\"porte\" src=\"https:\/\/www.associationdemarie.org\/blog\/wp-content\/uploads\/2010\/10\/porte-150x150.jpg\" alt=\"\" width=\"150\" height=\"150\" srcset=\"https:\/\/www.associationdemarie.org\/blog\/wp-content\/uploads\/2010\/10\/porte-150x150.jpg 150w, https:\/\/www.associationdemarie.org\/blog\/wp-content\/uploads\/2010\/10\/porte.jpg 300w\" sizes=\"auto, (max-width: 150px) 100vw, 150px\" \/><\/a>\u00c9vangile de J\u00e9sus-Christ selon saint Luc 13,22-30.<\/strong><\/p>\n<p>Dans sa marche vers J\u00e9rusalem, J\u00e9sus passait par les villes et les villages en enseignant. ?Quelqu&rsquo;un lui demanda\u00a0: \u00ab\u00a0Seigneur, n&rsquo;y aura-t-il que peu de gens \u00e0 \u00eatre sauv\u00e9s\u00a0?\u00a0\u00bb J\u00e9sus leur dit\u00a0: ?\u00ab\u00a0Efforcez-vous d&rsquo;entrer par la porte \u00e9troite, car, je vous le d\u00e9clare, beaucoup chercheront \u00e0 entrer et ne le pourront pas. ?Quand le ma\u00eetre de la maison se sera lev\u00e9 et aura ferm\u00e9 la porte, si vous, du dehors, vous vous mettez \u00e0 frapper \u00e0 la porte, en disant\u00a0: &lsquo;Seigneur, ouvre-nous&rsquo;, il vous r\u00e9pondra\u00a0: &lsquo;Je ne sais pas d&rsquo;o\u00f9 vous \u00eates. &lsquo;?Alors vous vous mettrez \u00e0 dire\u00a0: &lsquo;Nous avons mang\u00e9 et bu en ta pr\u00e9sence, et tu as enseign\u00e9 sur nos places. &lsquo;?Il vous r\u00e9pondra\u00a0: &lsquo;Je ne sais pas d&rsquo;o\u00f9 vous \u00eates. \u00c9loignez-vous de moi, vous tous qui faites le mal. &lsquo;?Il y aura des pleurs et des grincements de dents quand vous verrez Abraham, Isaac et Jacob et tous les proph\u00e8tes dans le royaume de Dieu, et que vous serez jet\u00e9s dehors. ?Alors on viendra de l&rsquo;orient et de l&rsquo;occident, du nord et du midi, prendre place au festin dans le royaume de Dieu. ?Oui, il y a des derniers qui seront premiers, et des premiers qui seront derniers.\u00a0\u00bb<\/p>\n<p>Extrait de la Traduction Liturgique de la Bible &#8211; \u00a9 AELF, Paris<\/p>\n","protected":false},"excerpt":{"rendered":"<p>\u00c9vangile de J\u00e9sus-Christ selon saint Luc 13,22-30. Dans sa marche vers J\u00e9rusalem, J\u00e9sus passait par les villes et les villages en enseignant. ?Quelqu&rsquo;un lui demanda\u00a0: \u00ab\u00a0Seigneur, n&rsquo;y aura-t-il que peu de gens \u00e0 \u00eatre sauv\u00e9s\u00a0?\u00a0\u00bb J\u00e9sus leur dit\u00a0: ?\u00ab\u00a0Efforcez-vous d&rsquo;entrer par la porte \u00e9troite, car, je vous le d\u00e9clare, beaucoup chercheront \u00e0 entrer et ne [&hellip;]<\/p>\n","protected":false},"author":2,"featured_media":0,"comment_status":"closed","ping_status":"closed","sticky":false,"template":"","format":"standard","meta":{"footnotes":""},"categories":[3,13],"tags":[32,287,295,389,508,513,821,1055],"class_list":["post-1648","post","type-post","status-publish","format-standard","hentry","category-liturgique","category-ecritures","tag-abraham","tag-derniers","tag-dieu","tag-evangile","tag-isaac","tag-jacob","tag-premiers","tag-st-luc"],"_links":{"self":[{"href":"https:\/\/www.associationdemarie.org\/blog\/wp-json\/wp\/v2\/posts\/1648","targetHints":{"allow":["GET"]}}],"collection":[{"href":"https:\/\/www.associationdemarie.org\/blog\/wp-json\/wp\/v2\/posts"}],"about":[{"href":"https:\/\/www.associationdemarie.org\/blog\/wp-json\/wp\/v2\/types\/post"}],"author":[{"embeddable":true,"href":"https:\/\/www.associationdemarie.org\/blog\/wp-json\/wp\/v2\/users\/2"}],"replies":[{"embeddable":true,"href":"https:\/\/www.associationdemarie.org\/blog\/wp-json\/wp\/v2\/comments?post=1648"}],"version-history":[{"count":0,"href":"https:\/\/www.associationdemarie.org\/blog\/wp-json\/wp\/v2\/posts\/1648\/revisions"}],"wp:attachment":[{"href":"https:\/\/www.associationdemarie.org\/blog\/wp-json\/wp\/v2\/media?parent=1648"}],"wp:term":[{"taxonomy":"category","embeddable":true,"href":"https:\/\/www.associationdemarie.org\/blog\/wp-json\/wp\/v2\/categories?post=1648"},{"taxonomy":"post_tag","embeddable":true,"href":"https:\/\/www.associationdemarie.org\/blog\/wp-json\/wp\/v2\/tags?post=1648"}],"curies":[{"name":"wp","href":"https:\/\/api.w.org\/{rel}","templated":true}]}}