{"id":16424,"date":"2018-06-14T01:49:10","date_gmt":"2018-06-14T00:49:10","guid":{"rendered":"http:\/\/www.associationdemarie.org\/blog\/?p=16424"},"modified":"2018-05-29T09:51:53","modified_gmt":"2018-05-29T08:51:53","slug":"va-dabord-te-reconcilier-avec-ton-frere-6","status":"publish","type":"post","link":"https:\/\/www.associationdemarie.org\/blog\/va-dabord-te-reconcilier-avec-ton-frere-6\/","title":{"rendered":"\u00ab Va d&rsquo;abord te r\u00e9concilier avec ton fr\u00e8re. \u00bb"},"content":{"rendered":"<p><img loading=\"lazy\" decoding=\"async\" class=\"aligncenter  wp-image-16425\" src=\"https:\/\/www.associationdemarie.org\/blog\/wp-content\/uploads\/2018\/05\/33380.jpeg\" alt=\"\" width=\"461\" height=\"276\" srcset=\"https:\/\/www.associationdemarie.org\/blog\/wp-content\/uploads\/2018\/05\/33380.jpeg 3508w, https:\/\/www.associationdemarie.org\/blog\/wp-content\/uploads\/2018\/05\/33380-300x180.jpeg 300w, https:\/\/www.associationdemarie.org\/blog\/wp-content\/uploads\/2018\/05\/33380-768x460.jpeg 768w, https:\/\/www.associationdemarie.org\/blog\/wp-content\/uploads\/2018\/05\/33380-1024x614.jpeg 1024w\" sizes=\"auto, (max-width: 461px) 100vw, 461px\" \/><\/p>\n<p>L&rsquo;\u00c9glise n&rsquo;existe pas pour que nous restions divis\u00e9s en y venant, mais bien pour que nos divisions y soient \u00e9teintes\u00a0; c&rsquo;est le sens de l&rsquo;assembl\u00e9e. Si c&rsquo;est pour l&rsquo;eucharistie que nous venons, ne posons donc aucun acte qui contredise l&rsquo;eucharistie, ne faisons pas de peine \u00e0 notre fr\u00e8re. Vous venez rendre gr\u00e2ce pour les bienfaits re\u00e7us\u00a0: ne vous s\u00e9parez pas de votre prochain.<\/p>\n<p>C&rsquo;est \u00e0 tous sans distinction que le Christ offre son corps en disant\u00a0: \u00ab\u00a0Prenez et mangez en tous\u00a0\u00bb. Pourquoi n&rsquo;admettez-vous pas tous \u00e0 votre propre table\u00a0? &#8230; Vous faites m\u00e9moire du Christ, et vous d\u00e9daignez le pauvre\u00a0? &#8230; Vous prenez part \u00e0 ce repas divin\u00a0; vous devez \u00eatre le plus compatissant des hommes. Vous avez bu le sang du Seigneur et vous ne reconnaissez pas votre fr\u00e8re\u00a0? M\u00eame si vous l&rsquo;avez m\u00e9connu jusque-l\u00e0, vous devez le reconna\u00eetre \u00e0 cette table. Il nous faut tous \u00eatre dans l&rsquo;\u00c9glise comme dans une commune maison\u00a0: nous ne formons qu&rsquo;un seul corps. Nous n&rsquo;avons qu&rsquo;un m\u00eame bapt\u00eame, une m\u00eame table, une m\u00eame source, et aussi un seul P\u00e8re. (cf Ep 4,5\u00a0;1Co 10,17)<\/p>\n<p>Saint Jean Chrysostome (v. 345-407), pr\u00eatre \u00e0 Antioche puis \u00e9v\u00eaque de Constantinople, docteur de l&rsquo;\u00c9glise<br \/>\n<i>Hom\u00e9lies sur la 1\u00e8re lettre aux Corinthiens, n\u00b0 27 (trad. AELF)<\/i><\/p>\n<p>&nbsp;<\/p>\n<p>&nbsp;<\/p>\n","protected":false},"excerpt":{"rendered":"<p>L&rsquo;\u00c9glise n&rsquo;existe pas pour que nous restions divis\u00e9s en y venant, mais bien pour que nos divisions y soient \u00e9teintes\u00a0; c&rsquo;est le sens de l&rsquo;assembl\u00e9e. Si c&rsquo;est pour l&rsquo;eucharistie que nous venons, ne posons donc aucun acte qui contredise l&rsquo;eucharistie, ne faisons pas de peine \u00e0 notre fr\u00e8re. Vous venez rendre gr\u00e2ce pour les bienfaits [&hellip;]<\/p>\n","protected":false},"author":2,"featured_media":0,"comment_status":"closed","ping_status":"closed","sticky":false,"template":"","format":"standard","meta":{"footnotes":""},"categories":[13,1261],"tags":[767,868,1043],"class_list":["post-16424","post","type-post","status-publish","format-standard","hentry","category-ecritures","category-enseignement-2","tag-pardon","tag-reconciliation","tag-st-jean-chrysostome"],"_links":{"self":[{"href":"https:\/\/www.associationdemarie.org\/blog\/wp-json\/wp\/v2\/posts\/16424","targetHints":{"allow":["GET"]}}],"collection":[{"href":"https:\/\/www.associationdemarie.org\/blog\/wp-json\/wp\/v2\/posts"}],"about":[{"href":"https:\/\/www.associationdemarie.org\/blog\/wp-json\/wp\/v2\/types\/post"}],"author":[{"embeddable":true,"href":"https:\/\/www.associationdemarie.org\/blog\/wp-json\/wp\/v2\/users\/2"}],"replies":[{"embeddable":true,"href":"https:\/\/www.associationdemarie.org\/blog\/wp-json\/wp\/v2\/comments?post=16424"}],"version-history":[{"count":3,"href":"https:\/\/www.associationdemarie.org\/blog\/wp-json\/wp\/v2\/posts\/16424\/revisions"}],"predecessor-version":[{"id":16428,"href":"https:\/\/www.associationdemarie.org\/blog\/wp-json\/wp\/v2\/posts\/16424\/revisions\/16428"}],"wp:attachment":[{"href":"https:\/\/www.associationdemarie.org\/blog\/wp-json\/wp\/v2\/media?parent=16424"}],"wp:term":[{"taxonomy":"category","embeddable":true,"href":"https:\/\/www.associationdemarie.org\/blog\/wp-json\/wp\/v2\/categories?post=16424"},{"taxonomy":"post_tag","embeddable":true,"href":"https:\/\/www.associationdemarie.org\/blog\/wp-json\/wp\/v2\/tags?post=16424"}],"curies":[{"name":"wp","href":"https:\/\/api.w.org\/{rel}","templated":true}]}}