{"id":16421,"date":"2018-06-13T01:22:36","date_gmt":"2018-06-13T00:22:36","guid":{"rendered":"http:\/\/www.associationdemarie.org\/blog\/?p=16421"},"modified":"2018-05-29T07:24:14","modified_gmt":"2018-05-29T06:24:14","slug":"laccomplissement-de-la-loi","status":"publish","type":"post","link":"https:\/\/www.associationdemarie.org\/blog\/laccomplissement-de-la-loi\/","title":{"rendered":"L&rsquo;accomplissement de la Loi"},"content":{"rendered":"<p><img loading=\"lazy\" decoding=\"async\" class=\"aligncenter size-full wp-image-16422\" src=\"https:\/\/www.associationdemarie.org\/blog\/wp-content\/uploads\/2018\/05\/feu-tables-loi1.jpg\" alt=\"\" width=\"475\" height=\"380\" srcset=\"https:\/\/www.associationdemarie.org\/blog\/wp-content\/uploads\/2018\/05\/feu-tables-loi1.jpg 475w, https:\/\/www.associationdemarie.org\/blog\/wp-content\/uploads\/2018\/05\/feu-tables-loi1-300x240.jpg 300w\" sizes=\"auto, (max-width: 475px) 100vw, 475px\" \/><\/p>\n<p>J\u00e9sus a fait une mise en garde solennelle au d\u00e9but du Sermon sur la Montagne o\u00f9 il a pr\u00e9sent\u00e9 la Loi donn\u00e9e par Dieu au Sina\u00ef lors de la premi\u00e8re alliance \u00e0 la lumi\u00e8re de la gr\u00e2ce de la Nouvelle Alliance\u00a0: \u00ab\u00a0N&rsquo;allez pas croire que je sois venu abolir la Loi ou les proph\u00e8tes\u00a0: je ne suis pas venu abolir mais accomplir\u00a0\u00bb&#8230;<\/p>\n<p>J\u00e9sus, le Messie d&rsquo;Isra\u00ebl, le plus grand donc dans le Royaume des cieux, se devait d&rsquo;accomplir la Loi en l&rsquo;ex\u00e9cutant dans son int\u00e9gralit\u00e9 jusque dans ses moindres pr\u00e9ceptes selon ses propres paroles. Il est m\u00eame le seul \u00e0 avoir pu le faire parfaitement&#8230; L&rsquo;accomplissement parfait de la Loi ne pouvait \u00eatre l&rsquo;\u0153uvre que du divin L\u00e9gislateur n\u00e9 sujet de la Loi (Ga 4,4) en la personne du Fils. En J\u00e9sus, la Loi n&rsquo;appara\u00eet plus grav\u00e9e sur des tables de pierre mais \u00ab\u00a0au fond du c\u0153ur\u00a0\u00bb (Jr 31,33) du Serviteur qui, parce qu&rsquo;il \u00ab\u00a0apporte fid\u00e8lement le droit\u00a0\u00bb (Is 42,3) est devenu \u00ab\u00a0l&rsquo;alliance du peuple\u00a0\u00bb (Is 42,6). J\u00e9sus accomplit la Loi jusqu&rsquo;\u00e0 prendre sur lui \u00ab\u00a0la mal\u00e9diction de la Loi\u00a0\u00bb (Ga 3,13) encourue par ceux qui ne \u00ab\u00a0pratiquent pas tous les pr\u00e9ceptes de la Loi\u00a0\u00bb (Ga 3,10) car \u00ab\u00a0la mort du Christ a eu lieu pour racheter les transgressions de la premi\u00e8re alliance\u00a0\u00bb (He 9,15)&#8230;<\/p>\n<p>J\u00e9sus \u00ab\u00a0enseignait comme quelqu&rsquo;un qui a autorit\u00e9 et non pas comme les scribes\u00a0\u00bb (Mt 7,29). En lui, c&rsquo;est la m\u00eame Parole de Dieu qui avait retenti au Sina\u00ef pour donner \u00e0 Moise la Loi \u00e9crite et qui se fait entendre de nouveau sur la montagne des B\u00e9atitudes. Elle n&rsquo;abolit pas la Loi mais l&rsquo;accomplit en fournissant de mani\u00e8re divine son interpr\u00e9tation ultime\u00a0: \u00ab\u00a0Vous avez appris qu&rsquo;il a \u00e9t\u00e9 dit aux anc\u00eatres,&#8230; moi je vous dis\u00a0\u00bb (Mt 5,33-34). Avec cette m\u00eame autorit\u00e9 divine, il d\u00e9savoue certaines \u00ab\u00a0traditions humaines\u00a0\u00bb des Pharisiens qui \u00ab\u00a0annulent la Parole de Dieu.\u00a0\u00bb (Mc 7,8.13)<\/p>\n<p>Cat\u00e9chisme de l&rsquo;\u00c9glise catholique<br \/>\n<i>\u00a7 577-581<\/i><\/p>\n<p>&nbsp;<\/p>\n<p>&nbsp;<\/p>\n","protected":false},"excerpt":{"rendered":"<p>J\u00e9sus a fait une mise en garde solennelle au d\u00e9but du Sermon sur la Montagne o\u00f9 il a pr\u00e9sent\u00e9 la Loi donn\u00e9e par Dieu au Sina\u00ef lors de la premi\u00e8re alliance \u00e0 la lumi\u00e8re de la gr\u00e2ce de la Nouvelle Alliance\u00a0: \u00ab\u00a0N&rsquo;allez pas croire que je sois venu abolir la Loi ou les proph\u00e8tes\u00a0: je [&hellip;]<\/p>\n","protected":false},"author":2,"featured_media":0,"comment_status":"closed","ping_status":"closed","sticky":false,"template":"","format":"standard","meta":{"footnotes":""},"categories":[1261],"tags":[188,243,590],"class_list":["post-16421","post","type-post","status-publish","format-standard","hentry","category-enseignement-2","tag-catechisme","tag-commandements","tag-loi-de-dieu"],"_links":{"self":[{"href":"https:\/\/www.associationdemarie.org\/blog\/wp-json\/wp\/v2\/posts\/16421","targetHints":{"allow":["GET"]}}],"collection":[{"href":"https:\/\/www.associationdemarie.org\/blog\/wp-json\/wp\/v2\/posts"}],"about":[{"href":"https:\/\/www.associationdemarie.org\/blog\/wp-json\/wp\/v2\/types\/post"}],"author":[{"embeddable":true,"href":"https:\/\/www.associationdemarie.org\/blog\/wp-json\/wp\/v2\/users\/2"}],"replies":[{"embeddable":true,"href":"https:\/\/www.associationdemarie.org\/blog\/wp-json\/wp\/v2\/comments?post=16421"}],"version-history":[{"count":1,"href":"https:\/\/www.associationdemarie.org\/blog\/wp-json\/wp\/v2\/posts\/16421\/revisions"}],"predecessor-version":[{"id":16423,"href":"https:\/\/www.associationdemarie.org\/blog\/wp-json\/wp\/v2\/posts\/16421\/revisions\/16423"}],"wp:attachment":[{"href":"https:\/\/www.associationdemarie.org\/blog\/wp-json\/wp\/v2\/media?parent=16421"}],"wp:term":[{"taxonomy":"category","embeddable":true,"href":"https:\/\/www.associationdemarie.org\/blog\/wp-json\/wp\/v2\/categories?post=16421"},{"taxonomy":"post_tag","embeddable":true,"href":"https:\/\/www.associationdemarie.org\/blog\/wp-json\/wp\/v2\/tags?post=16421"}],"curies":[{"name":"wp","href":"https:\/\/api.w.org\/{rel}","templated":true}]}}