{"id":16410,"date":"2018-06-10T01:46:34","date_gmt":"2018-06-10T00:46:34","guid":{"rendered":"http:\/\/www.associationdemarie.org\/blog\/?p=16410"},"modified":"2018-05-27T07:48:34","modified_gmt":"2018-05-27T06:48:34","slug":"le-peche-contre-lesprit-saint-2","status":"publish","type":"post","link":"https:\/\/www.associationdemarie.org\/blog\/le-peche-contre-lesprit-saint-2\/","title":{"rendered":"Le p\u00e9ch\u00e9 contre l&rsquo;Esprit Saint"},"content":{"rendered":"<p><img loading=\"lazy\" decoding=\"async\" class=\"aligncenter  wp-image-16411\" src=\"https:\/\/www.associationdemarie.org\/blog\/wp-content\/uploads\/2018\/05\/leemage.com_article_large.jpg\" alt=\"\" width=\"489\" height=\"313\" srcset=\"https:\/\/www.associationdemarie.org\/blog\/wp-content\/uploads\/2018\/05\/leemage.com_article_large.jpg 938w, https:\/\/www.associationdemarie.org\/blog\/wp-content\/uploads\/2018\/05\/leemage.com_article_large-300x192.jpg 300w, https:\/\/www.associationdemarie.org\/blog\/wp-content\/uploads\/2018\/05\/leemage.com_article_large-768x491.jpg 768w\" sizes=\"auto, (max-width: 489px) 100vw, 489px\" \/><\/p>\n<p>Pourquoi le blasph\u00e8me contre l&rsquo;Esprit Saint est-il impardonnable\u00a0? En quel sens entendre ce blasph\u00e8me\u00a0? Saint Thomas d&rsquo;Aquin r\u00e9pond qu&rsquo;il s&rsquo;agit d&rsquo;un p\u00e9ch\u00e9 \u00ab\u00a0irr\u00e9missible de par sa nature, parce qu&rsquo;il exclut les \u00e9l\u00e9ments gr\u00e2ce auxquels est accord\u00e9e la r\u00e9mission des p\u00e9ch\u00e9s\u00a0\u00bb. Selon une telle ex\u00e9g\u00e8se, ce blasph\u00e8me ne consiste pas \u00e0 proprement parler \u00e0 offenser en paroles l&rsquo;Esprit Saint\u00a0; mais il consiste \u00e0 refuser de recevoir le salut que Dieu offre \u00e0 l&rsquo;homme par l&rsquo;Esprit Saint agissant en vertu du sacrifice de la croix. Si l&rsquo;homme refuse la \u00ab\u00a0manifestation du p\u00e9ch\u00e9\u00a0\u00bb, qui vient de l&rsquo;Esprit Saint (Jn 16,8) et qui a un caract\u00e8re salvifique, il refuse en m\u00eame temps la \u00ab\u00a0venue\u00a0\u00bb du Paraclet (Jn 16,7), cette \u00ab\u00a0venue\u00a0\u00bb qui s&rsquo;est effectu\u00e9e dans le myst\u00e8re de P\u00e2ques, en union avec la puissance r\u00e9demptrice du Sang du Christ, le Sang qui \u00ab\u00a0purifie la conscience des \u0153uvres mortes\u00a0\u00bb (He 9,14).<\/p>\n<p>Nous savons que le fruit d&rsquo;une telle purification est la r\u00e9mission des p\u00e9ch\u00e9s. En cons\u00e9quence, celui qui refuse l&rsquo;Esprit et le Sang (cf 1Jn 5,8) demeure dans les \u00ab\u00a0\u0153uvres mortes\u00a0\u00bb, dans le p\u00e9ch\u00e9. Et le blasph\u00e8me contre l&rsquo;Esprit Saint consiste pr\u00e9cis\u00e9ment dans le refus radical de cette r\u00e9mission dont il est le dispensateur intime et qui pr\u00e9suppose la conversion v\u00e9ritable qu&rsquo;il op\u00e8re dans la conscience. Si J\u00e9sus dit que le p\u00e9ch\u00e9 contre l&rsquo;Esprit Saint ne peut \u00eatre remis ni en ce monde ni dans l&rsquo;autre, c&rsquo;est parce que cette \u00ab\u00a0non-r\u00e9mission\u00a0\u00bb est li\u00e9e, comme \u00e0 sa cause, \u00e0 la \u00ab\u00a0non-p\u00e9nitence\u00a0\u00bb, c&rsquo;est-\u00e0-dire au refus radical de se convertir&#8230;<\/p>\n<p>Le blasph\u00e8me contre l&rsquo;Esprit Saint est le p\u00e9ch\u00e9 commis par l&rsquo;homme qui pr\u00e9sume et revendique le \u00ab\u00a0droit\u00a0\u00bb de pers\u00e9v\u00e9rer dans le mal \u2014 dans le p\u00e9ch\u00e9 quel qu&rsquo;il soit \u2014 et refuse par l\u00e0 m\u00eame la R\u00e9demption. L&rsquo;homme reste enferm\u00e9 dans le p\u00e9ch\u00e9, rendant donc impossible, pour sa part, sa conversion et aussi, par cons\u00e9quent, la r\u00e9mission des p\u00e9ch\u00e9s, qu&rsquo;il ne juge pas essentielle ni importante pour sa vie. Il y a l\u00e0 une situation de ruine spirituelle, car le blasph\u00e8me contre l&rsquo;Esprit Saint ne permet pas \u00e0 l&rsquo;homme de sortir de la prison o\u00f9 il s&rsquo;est lui-m\u00eame enferm\u00e9.<\/p>\n<p>Saint Jean-Paul II (1920-2005), pape<br \/>\n<i>Encyclique \u00ab Dominum et vivificantem \u00bb, \u00a7 46 (trad. \u00a9 Libreria Editrice Vaticana)<\/i><\/p>\n<p>&nbsp;<\/p>\n<p>&nbsp;<\/p>\n<p>&nbsp;<\/p>\n","protected":false},"excerpt":{"rendered":"<p>Pourquoi le blasph\u00e8me contre l&rsquo;Esprit Saint est-il impardonnable\u00a0? En quel sens entendre ce blasph\u00e8me\u00a0? Saint Thomas d&rsquo;Aquin r\u00e9pond qu&rsquo;il s&rsquo;agit d&rsquo;un p\u00e9ch\u00e9 \u00ab\u00a0irr\u00e9missible de par sa nature, parce qu&rsquo;il exclut les \u00e9l\u00e9ments gr\u00e2ce auxquels est accord\u00e9e la r\u00e9mission des p\u00e9ch\u00e9s\u00a0\u00bb. Selon une telle ex\u00e9g\u00e8se, ce blasph\u00e8me ne consiste pas \u00e0 proprement parler \u00e0 offenser en [&hellip;]<\/p>\n","protected":false},"author":2,"featured_media":0,"comment_status":"closed","ping_status":"closed","sticky":false,"template":"","format":"standard","meta":{"footnotes":""},"categories":[13,1261],"tags":[378,1253],"class_list":["post-16410","post","type-post","status-publish","format-standard","hentry","category-ecritures","category-enseignement-2","tag-esprit-saint","tag-st-jean-paul-2"],"_links":{"self":[{"href":"https:\/\/www.associationdemarie.org\/blog\/wp-json\/wp\/v2\/posts\/16410","targetHints":{"allow":["GET"]}}],"collection":[{"href":"https:\/\/www.associationdemarie.org\/blog\/wp-json\/wp\/v2\/posts"}],"about":[{"href":"https:\/\/www.associationdemarie.org\/blog\/wp-json\/wp\/v2\/types\/post"}],"author":[{"embeddable":true,"href":"https:\/\/www.associationdemarie.org\/blog\/wp-json\/wp\/v2\/users\/2"}],"replies":[{"embeddable":true,"href":"https:\/\/www.associationdemarie.org\/blog\/wp-json\/wp\/v2\/comments?post=16410"}],"version-history":[{"count":2,"href":"https:\/\/www.associationdemarie.org\/blog\/wp-json\/wp\/v2\/posts\/16410\/revisions"}],"predecessor-version":[{"id":16413,"href":"https:\/\/www.associationdemarie.org\/blog\/wp-json\/wp\/v2\/posts\/16410\/revisions\/16413"}],"wp:attachment":[{"href":"https:\/\/www.associationdemarie.org\/blog\/wp-json\/wp\/v2\/media?parent=16410"}],"wp:term":[{"taxonomy":"category","embeddable":true,"href":"https:\/\/www.associationdemarie.org\/blog\/wp-json\/wp\/v2\/categories?post=16410"},{"taxonomy":"post_tag","embeddable":true,"href":"https:\/\/www.associationdemarie.org\/blog\/wp-json\/wp\/v2\/tags?post=16410"}],"curies":[{"name":"wp","href":"https:\/\/api.w.org\/{rel}","templated":true}]}}