{"id":16388,"date":"2018-06-05T01:00:13","date_gmt":"2018-06-05T00:00:13","guid":{"rendered":"http:\/\/www.associationdemarie.org\/blog\/?p=16388"},"modified":"2018-05-18T08:01:50","modified_gmt":"2018-05-18T07:01:50","slug":"de-qui-est-cette-image-en-se-faisant-homme-dieu-restaure-en-nous-limage-de-la-trinite","status":"publish","type":"post","link":"https:\/\/www.associationdemarie.org\/blog\/de-qui-est-cette-image-en-se-faisant-homme-dieu-restaure-en-nous-limage-de-la-trinite\/","title":{"rendered":"\u00ab De qui est cette image ? \u00bb : en se faisant homme, Dieu restaure en nous l&rsquo;image de la Trinit\u00e9"},"content":{"rendered":"<p><img loading=\"lazy\" decoding=\"async\" class=\"aligncenter  wp-image-16389\" src=\"https:\/\/www.associationdemarie.org\/blog\/wp-content\/uploads\/2018\/05\/trinite.jpg\" alt=\"\" width=\"356\" height=\"433\" srcset=\"https:\/\/www.associationdemarie.org\/blog\/wp-content\/uploads\/2018\/05\/trinite.jpg 816w, https:\/\/www.associationdemarie.org\/blog\/wp-content\/uploads\/2018\/05\/trinite-247x300.jpg 247w, https:\/\/www.associationdemarie.org\/blog\/wp-content\/uploads\/2018\/05\/trinite-768x935.jpg 768w\" sizes=\"auto, (max-width: 356px) 100vw, 356px\" \/><\/p>\n<p>\u00c9ternel Amour&#8230;, je te le demande en gr\u00e2ce, fais mis\u00e9ricorde \u00e0 ton peuple, au nom de la charit\u00e9 \u00e9ternelle qui t&rsquo;a pouss\u00e9 \u00e0 cr\u00e9er l&rsquo;homme \u00e0 ton image et \u00e0 ta ressemblance (Gn 1,26)&#8230; Tu n&rsquo;as fait cela, Trinit\u00e9 \u00e9ternelle, que parce que tu voulais faire participer l&rsquo;homme \u00e0 tout toi-m\u00eame. C&rsquo;est pourquoi tu lui as donn\u00e9 la m\u00e9moire, afin qu&rsquo;il se souvienne de tes bienfaits et qu&rsquo;il participe ainsi \u00e0 ta puissance, P\u00e8re \u00e9ternel. C&rsquo;est pourquoi tu lui as donn\u00e9 l&rsquo;intelligence pour qu&rsquo;il puisse comprendre ta bont\u00e9 et qu&rsquo;il participe ainsi \u00e0 la sagesse de ton Fils unique. C&rsquo;est pourquoi tu lui as donn\u00e9 la volont\u00e9, afin qu&rsquo;il puisse aimer ce qu&rsquo;il voit et conna\u00eet de ta v\u00e9rit\u00e9, et qu&rsquo;il participe ainsi \u00e0 l&rsquo;amour de ton Esprit Saint. Qui t&rsquo;a pouss\u00e9 \u00e0 donner une si grande dignit\u00e9 \u00e0 l&rsquo;homme\u00a0? L&rsquo;amour in\u00e9puisable avec lequel tu as regard\u00e9 en toi-m\u00eame ta cr\u00e9ature&#8230;<\/p>\n<p>[Mais] \u00e0 cause du p\u00e9ch\u00e9, elle a perdu cette dignit\u00e9&#8230; Toi alors, pouss\u00e9 par ce m\u00eame feu avec lequel tu nous avais cr\u00e9\u00e9s&#8230;, tu nous as donn\u00e9 le Verbe, ton Fils unique&#8230; Il a accompli ta volont\u00e9, P\u00e8re \u00e9ternel, quand tu l&rsquo;as rev\u00eatu de notre humanit\u00e9, \u00e0 l&rsquo;image et ressemblance de notre nature. \u00d4 ab\u00eeme de charit\u00e9\u00a0! Quel est le c\u0153ur qui peut se d\u00e9fendre de ne pas c\u00e9der \u00e0 ton amour en voyant le Tr\u00e8s-Haut rejoindre la bassesse de notre humanit\u00e9\u00a0? Nous sommes ton image et toi, tu es la n\u00f4tre, par cette union que tu as consomm\u00e9e dans l&rsquo;homme en voilant ta divinit\u00e9 de l&rsquo;argile d&rsquo;Adam (Gn 2,7)&#8230; Qu&rsquo;est-ce qui t&rsquo;a pouss\u00e9 \u00e0 faire cela\u00a0? L&rsquo;amour\u00a0! Toi, Dieu, tu t&rsquo;es fait homme, et l&rsquo;homme est devenu Dieu. Par cet amour indicible, je t&rsquo;en prie, fais mis\u00e9ricorde \u00e0 tes cr\u00e9atures.<\/p>\n<p>Sainte Catherine de Sienne (1347-1380), tertiaire dominicaine, docteur de l&rsquo;\u00c9glise, copatronne de l&rsquo;Europe<br \/>\n<i>Dialogues, ch. 13 (trad. Guignes, Seuil 1953, p. 70 rev.)<\/i><\/p>\n<p>&nbsp;<\/p>\n<p>&nbsp;<\/p>\n<p>&nbsp;<\/p>\n","protected":false},"excerpt":{"rendered":"<p>\u00c9ternel Amour&#8230;, je te le demande en gr\u00e2ce, fais mis\u00e9ricorde \u00e0 ton peuple, au nom de la charit\u00e9 \u00e9ternelle qui t&rsquo;a pouss\u00e9 \u00e0 cr\u00e9er l&rsquo;homme \u00e0 ton image et \u00e0 ta ressemblance (Gn 1,26)&#8230; Tu n&rsquo;as fait cela, Trinit\u00e9 \u00e9ternelle, que parce que tu voulais faire participer l&rsquo;homme \u00e0 tout toi-m\u00eame. C&rsquo;est pourquoi tu lui [&hellip;]<\/p>\n","protected":false},"author":2,"featured_media":0,"comment_status":"closed","ping_status":"closed","sticky":false,"template":"","format":"standard","meta":{"footnotes":""},"categories":[13,1261,26],"tags":[830,1089,1110],"class_list":["post-16388","post","type-post","status-publish","format-standard","hentry","category-ecritures","category-enseignement-2","category-priere-des-ames","tag-priere","tag-ste-catherine-de-sienne","tag-ste-trinite"],"_links":{"self":[{"href":"https:\/\/www.associationdemarie.org\/blog\/wp-json\/wp\/v2\/posts\/16388","targetHints":{"allow":["GET"]}}],"collection":[{"href":"https:\/\/www.associationdemarie.org\/blog\/wp-json\/wp\/v2\/posts"}],"about":[{"href":"https:\/\/www.associationdemarie.org\/blog\/wp-json\/wp\/v2\/types\/post"}],"author":[{"embeddable":true,"href":"https:\/\/www.associationdemarie.org\/blog\/wp-json\/wp\/v2\/users\/2"}],"replies":[{"embeddable":true,"href":"https:\/\/www.associationdemarie.org\/blog\/wp-json\/wp\/v2\/comments?post=16388"}],"version-history":[{"count":1,"href":"https:\/\/www.associationdemarie.org\/blog\/wp-json\/wp\/v2\/posts\/16388\/revisions"}],"predecessor-version":[{"id":16390,"href":"https:\/\/www.associationdemarie.org\/blog\/wp-json\/wp\/v2\/posts\/16388\/revisions\/16390"}],"wp:attachment":[{"href":"https:\/\/www.associationdemarie.org\/blog\/wp-json\/wp\/v2\/media?parent=16388"}],"wp:term":[{"taxonomy":"category","embeddable":true,"href":"https:\/\/www.associationdemarie.org\/blog\/wp-json\/wp\/v2\/categories?post=16388"},{"taxonomy":"post_tag","embeddable":true,"href":"https:\/\/www.associationdemarie.org\/blog\/wp-json\/wp\/v2\/tags?post=16388"}],"curies":[{"name":"wp","href":"https:\/\/api.w.org\/{rel}","templated":true}]}}