{"id":16305,"date":"2018-05-14T01:07:06","date_gmt":"2018-05-14T00:07:06","guid":{"rendered":"http:\/\/www.associationdemarie.org\/blog\/?p=16305"},"modified":"2018-04-26T07:08:41","modified_gmt":"2018-04-26T06:08:41","slug":"soyez-des-temoins","status":"publish","type":"post","link":"https:\/\/www.associationdemarie.org\/blog\/soyez-des-temoins\/","title":{"rendered":"Soyez des t\u00e9moins !"},"content":{"rendered":"<p><img loading=\"lazy\" decoding=\"async\" class=\"aligncenter  wp-image-16306\" src=\"https:\/\/www.associationdemarie.org\/blog\/wp-content\/uploads\/2018\/04\/Special-Witnesses-Testify-of-the-Living-Christ-517x268-1212363.jpg\" alt=\"\" width=\"442\" height=\"229\" srcset=\"https:\/\/www.associationdemarie.org\/blog\/wp-content\/uploads\/2018\/04\/Special-Witnesses-Testify-of-the-Living-Christ-517x268-1212363.jpg 517w, https:\/\/www.associationdemarie.org\/blog\/wp-content\/uploads\/2018\/04\/Special-Witnesses-Testify-of-the-Living-Christ-517x268-1212363-300x156.jpg 300w\" sizes=\"auto, (max-width: 442px) 100vw, 442px\" \/><\/p>\n<p>\u00ab\u00a0Il faut que l\u2019un d\u2019entre eux devienne avec nous t\u00e9moin de sa r\u00e9surrection\u00a0\u00bb, disait Pierre \u2026 Mes fr\u00e8res et s\u0153urs, il faut que vous deveniez \u2026 des t\u00e9moins de la r\u00e9surrection de J\u00e9sus. En effet, si vous, vous n\u2019\u00eates pas ses t\u00e9moins dans votre milieu de vie, qui le sera \u00e0 votre place\u00a0? Le chr\u00e9tien est, dans l\u2019\u00c9glise et avec l\u2019\u00c9glise, un missionnaire du Christ envoy\u00e9 dans le monde. C\u2019est l\u00e0 la mission qu\u2019on ne peut diff\u00e9rer de toute communaut\u00e9 eccl\u00e9siale\u00a0: recevoir de Dieu le P\u00e8re et offrir au monde le Christ ressuscit\u00e9, afin que toute situation d\u2019affaiblissement et de mort soit transform\u00e9e, par l\u2019Esprit Saint, en occasion de croissance et de vie.<\/p>\n<p>Nous n\u2019imposons rien, mais nous proposons toujours, comme Pierre nous le recommande dans une de ses lettres\u00a0: \u00ab\u00a0Traitez toujours saintement dans vos c\u0153urs le Seigneur Christ, toujours pr\u00eats \u00e0 vous expliquer devant tous ceux qui vous demandent de rendre compte de l\u2019esp\u00e9rance qui est en vous\u00a0\u00bb (1 P 3, 15). Et en d\u00e9finitive, tous le demandent m\u00eame ceux qui semblent ne pas le demander. Par exp\u00e9rience personnelle et communautaire, nous savons bien que c\u2019est J\u00e9sus, celui que tous attendent. En effet, les attentes les plus profondes du monde et les grandes certitudes de l\u2019\u00c9vangile se rencontrent dans la mission irr\u00e9cusable qui nous revient puisque \u00ab\u00a0sans Dieu l\u2019homme ne sait o\u00f9 aller et ne parvient m\u00eame pas \u00e0 comprendre qui il est. Face aux \u00e9normes probl\u00e8mes du d\u00e9veloppement des peuples qui nous pousseraient presque au d\u00e9couragement et au d\u00e9faitisme, la parole du Seigneur J\u00e9sus Christ vient \u00e0 notre aide en nous rendant conscients de ce fait que\u00a0: \u2018Sans moi, vous ne pouvez rien faire\u2019 (Jn 15, 5)\u00a0; elle nous encourage\u00a0: \u2018Je suis avec vous tous les jours jusqu\u2019\u00e0 la fin du monde\u2019 (Mt 28, 20)\u00a0\u00bb (Cf. Enc. Caritas in veritate, n\u00b0 78) \u2026<\/p>\n<p>Oui\u00a0! Nous sommes appel\u00e9s \u00e0 servir l\u2019humanit\u00e9 de notre temps, comptant uniquement sur J\u00e9sus, en nous laissant \u00e9clairer par sa Parole\u00a0: \u00ab\u00a0Ce n\u2019est pas vous qui m\u2019avez choisi, c\u2019est moi qui vous ai choisis et \u00e9tablis, afin que vous partiez, que vous portiez du fruit, et que votre fruit demeure\u00a0\u00bb (Jn, 15, 16). Que de temps perdu, que de travail renvoy\u00e9 \u00e0 plus tard sur ce point par inadvertance\u00a0! Tout se d\u00e9finit \u00e0 partir du Christ, quant \u00e0 l\u2019origine et \u00e0 l\u2019efficacit\u00e9 de la mission\u00a0: la mission nous la recevons toujours du Christ, qui nous a fait conna\u00eetre ce qu\u2019il a entendu de son P\u00e8re, et nous y sommes engag\u00e9s par l\u2019Esprit, dans l\u2019\u00c9glise. Comme l\u2019\u00c9glise elle-m\u00eame, \u0153uvre du Christ et de son Esprit, il s\u2019agit de renouveler la face de la terre en partant de Dieu, toujours et seulement de Dieu\u00a0!<\/p>\n<p>Beno\u00eet XVI, pape de 2005 \u00e0 2013<br \/>\n<i>Hom\u00e9lie du 14 mai 2010 (Voyage apostolique au Portugal &#8211; trad. \u00a9 Libreria Editrice Vaticana)<\/i><\/p>\n<p>&nbsp;<\/p>\n<p>&nbsp;<\/p>\n","protected":false},"excerpt":{"rendered":"<p>\u00ab\u00a0Il faut que l\u2019un d\u2019entre eux devienne avec nous t\u00e9moin de sa r\u00e9surrection\u00a0\u00bb, disait Pierre \u2026 Mes fr\u00e8res et s\u0153urs, il faut que vous deveniez \u2026 des t\u00e9moins de la r\u00e9surrection de J\u00e9sus. En effet, si vous, vous n\u2019\u00eates pas ses t\u00e9moins dans votre milieu de vie, qui le sera \u00e0 votre place\u00a0? Le chr\u00e9tien [&hellip;]<\/p>\n","protected":false},"author":2,"featured_media":0,"comment_status":"closed","ping_status":"closed","sticky":false,"template":"","format":"standard","meta":{"footnotes":""},"categories":[13,1261],"tags":[142,1128],"class_list":["post-16305","post","type-post","status-publish","format-standard","hentry","category-ecritures","category-enseignement-2","tag-benoit-16","tag-temoins"],"_links":{"self":[{"href":"https:\/\/www.associationdemarie.org\/blog\/wp-json\/wp\/v2\/posts\/16305","targetHints":{"allow":["GET"]}}],"collection":[{"href":"https:\/\/www.associationdemarie.org\/blog\/wp-json\/wp\/v2\/posts"}],"about":[{"href":"https:\/\/www.associationdemarie.org\/blog\/wp-json\/wp\/v2\/types\/post"}],"author":[{"embeddable":true,"href":"https:\/\/www.associationdemarie.org\/blog\/wp-json\/wp\/v2\/users\/2"}],"replies":[{"embeddable":true,"href":"https:\/\/www.associationdemarie.org\/blog\/wp-json\/wp\/v2\/comments?post=16305"}],"version-history":[{"count":2,"href":"https:\/\/www.associationdemarie.org\/blog\/wp-json\/wp\/v2\/posts\/16305\/revisions"}],"predecessor-version":[{"id":16308,"href":"https:\/\/www.associationdemarie.org\/blog\/wp-json\/wp\/v2\/posts\/16305\/revisions\/16308"}],"wp:attachment":[{"href":"https:\/\/www.associationdemarie.org\/blog\/wp-json\/wp\/v2\/media?parent=16305"}],"wp:term":[{"taxonomy":"category","embeddable":true,"href":"https:\/\/www.associationdemarie.org\/blog\/wp-json\/wp\/v2\/categories?post=16305"},{"taxonomy":"post_tag","embeddable":true,"href":"https:\/\/www.associationdemarie.org\/blog\/wp-json\/wp\/v2\/tags?post=16305"}],"curies":[{"name":"wp","href":"https:\/\/api.w.org\/{rel}","templated":true}]}}