{"id":16298,"date":"2018-05-12T01:22:49","date_gmt":"2018-05-12T00:22:49","guid":{"rendered":"http:\/\/www.associationdemarie.org\/blog\/?p=16298"},"modified":"2018-04-23T09:24:45","modified_gmt":"2018-04-23T08:24:45","slug":"si-vous-demandez-quelque-chose-a-mon-pere-en-invoquant-mon-nom-il-vous-le-donnera-3","status":"publish","type":"post","link":"https:\/\/www.associationdemarie.org\/blog\/si-vous-demandez-quelque-chose-a-mon-pere-en-invoquant-mon-nom-il-vous-le-donnera-3\/","title":{"rendered":"\u00ab Si vous demandez quelque chose \u00e0 mon P\u00e8re en invoquant mon nom, il vous le donnera. \u00bb"},"content":{"rendered":"<p><img loading=\"lazy\" decoding=\"async\" class=\"aligncenter  wp-image-16299\" src=\"https:\/\/www.associationdemarie.org\/blog\/wp-content\/uploads\/2018\/04\/maxresdefault.jpg\" alt=\"\" width=\"477\" height=\"268\" srcset=\"https:\/\/www.associationdemarie.org\/blog\/wp-content\/uploads\/2018\/04\/maxresdefault.jpg 1280w, https:\/\/www.associationdemarie.org\/blog\/wp-content\/uploads\/2018\/04\/maxresdefault-300x169.jpg 300w, https:\/\/www.associationdemarie.org\/blog\/wp-content\/uploads\/2018\/04\/maxresdefault-768x432.jpg 768w, https:\/\/www.associationdemarie.org\/blog\/wp-content\/uploads\/2018\/04\/maxresdefault-1024x576.jpg 1024w\" sizes=\"auto, (max-width: 477px) 100vw, 477px\" \/><\/p>\n<p>Mes enfants, vous avez un petit c\u0153ur, mais la pri\u00e8re l&rsquo;\u00e9largit et le rend capable d&rsquo;aimer Dieu. La pri\u00e8re est un avant-go\u00fbt du ciel, un \u00e9coulement du paradis. Elle ne nous laisse jamais sans douceur. C&rsquo;est un miel qui descend dans l&rsquo;\u00e2me et adoucit tout. Les peines se fondent devant une pri\u00e8re bien faite, comme la neige devant le soleil. La pri\u00e8re fait passer le temps avec une grande rapidit\u00e9, et si agr\u00e9ablement, qu&rsquo;on ne s&rsquo;aper\u00e7oit pas de sa dur\u00e9e&#8230;<\/p>\n<p>On en voit qui se perdent dans la pri\u00e8re comme le poisson dans l&rsquo;eau, parce qu&rsquo;ils sont tout au bon Dieu. Dans leur c\u0153ur, il n&rsquo;y a pas d&rsquo;entre-deux. Oh, que j&rsquo;aime ces \u00e2mes g\u00e9n\u00e9reuses ! Saint Fran\u00e7ois d&rsquo;Assise et sainte Colette voyaient notre Seigneur et lui parlaient comme nous nous parlons. Tandis que nous, que de fois nous venons \u00e0 l&rsquo;\u00e9glise sans savoir ce que nous venons faire et ce que nous voulons demander ! Et pourtant, quand on va chez quelqu&rsquo;un, on sait bien pourquoi on y va. Il y en a qui ont l&rsquo;air de dire au bon Dieu : \u00ab Je m&rsquo;en vais vous dire deux mots pour me d\u00e9barrasser de vous \u00bb. Je pense souvent que, lorsque nous venons adorer notre Seigneur, nous obtiendrions tout ce que nous voudrions, si nous le lui demandions avec une foi bien vive et un c\u0153ur bien pur.<\/p>\n<p>Saint Jean-Marie Vianney (1786-1859), pr\u00eatre, cur\u00e9 d&rsquo;Ars<br \/>\n<i>Cat\u00e9chisme sur la pri\u00e8re (\u00e9d. Monnin ; br\u00e9viaire : 04\/08)<\/i><\/p>\n<p>&nbsp;<\/p>\n<p>&nbsp;<\/p>\n","protected":false},"excerpt":{"rendered":"<p>Mes enfants, vous avez un petit c\u0153ur, mais la pri\u00e8re l&rsquo;\u00e9largit et le rend capable d&rsquo;aimer Dieu. La pri\u00e8re est un avant-go\u00fbt du ciel, un \u00e9coulement du paradis. Elle ne nous laisse jamais sans douceur. C&rsquo;est un miel qui descend dans l&rsquo;\u00e2me et adoucit tout. Les peines se fondent devant une pri\u00e8re bien faite, comme [&hellip;]<\/p>\n","protected":false},"author":2,"featured_media":0,"comment_status":"closed","ping_status":"closed","sticky":false,"template":"","format":"standard","meta":{"footnotes":""},"categories":[13,1261,26],"tags":[830,1023],"class_list":["post-16298","post","type-post","status-publish","format-standard","hentry","category-ecritures","category-enseignement-2","category-priere-des-ames","tag-priere","tag-st-cure-dars"],"_links":{"self":[{"href":"https:\/\/www.associationdemarie.org\/blog\/wp-json\/wp\/v2\/posts\/16298","targetHints":{"allow":["GET"]}}],"collection":[{"href":"https:\/\/www.associationdemarie.org\/blog\/wp-json\/wp\/v2\/posts"}],"about":[{"href":"https:\/\/www.associationdemarie.org\/blog\/wp-json\/wp\/v2\/types\/post"}],"author":[{"embeddable":true,"href":"https:\/\/www.associationdemarie.org\/blog\/wp-json\/wp\/v2\/users\/2"}],"replies":[{"embeddable":true,"href":"https:\/\/www.associationdemarie.org\/blog\/wp-json\/wp\/v2\/comments?post=16298"}],"version-history":[{"count":1,"href":"https:\/\/www.associationdemarie.org\/blog\/wp-json\/wp\/v2\/posts\/16298\/revisions"}],"predecessor-version":[{"id":16300,"href":"https:\/\/www.associationdemarie.org\/blog\/wp-json\/wp\/v2\/posts\/16298\/revisions\/16300"}],"wp:attachment":[{"href":"https:\/\/www.associationdemarie.org\/blog\/wp-json\/wp\/v2\/media?parent=16298"}],"wp:term":[{"taxonomy":"category","embeddable":true,"href":"https:\/\/www.associationdemarie.org\/blog\/wp-json\/wp\/v2\/categories?post=16298"},{"taxonomy":"post_tag","embeddable":true,"href":"https:\/\/www.associationdemarie.org\/blog\/wp-json\/wp\/v2\/tags?post=16298"}],"curies":[{"name":"wp","href":"https:\/\/api.w.org\/{rel}","templated":true}]}}