{"id":16262,"date":"2018-05-03T01:26:38","date_gmt":"2018-05-03T00:26:38","guid":{"rendered":"http:\/\/www.associationdemarie.org\/blog\/?p=16262"},"modified":"2018-04-15T06:28:27","modified_gmt":"2018-04-15T05:28:27","slug":"fete-de-st-philippe-et-st-jacques-le-mineur-apotres-2","status":"publish","type":"post","link":"https:\/\/www.associationdemarie.org\/blog\/fete-de-st-philippe-et-st-jacques-le-mineur-apotres-2\/","title":{"rendered":"F\u00eate de St Philippe et St Jacques (le mineur), ap\u00f4tres"},"content":{"rendered":"<p><img loading=\"lazy\" decoding=\"async\" class=\"aligncenter  wp-image-16263\" src=\"https:\/\/www.associationdemarie.org\/blog\/wp-content\/uploads\/2018\/04\/www-St-Takla-org-12-Apostles-Apostle-St-Philip.jpg\" alt=\"\" width=\"452\" height=\"301\" srcset=\"https:\/\/www.associationdemarie.org\/blog\/wp-content\/uploads\/2018\/04\/www-St-Takla-org-12-Apostles-Apostle-St-Philip.jpg 750w, https:\/\/www.associationdemarie.org\/blog\/wp-content\/uploads\/2018\/04\/www-St-Takla-org-12-Apostles-Apostle-St-Philip-300x200.jpg 300w\" sizes=\"auto, (max-width: 452px) 100vw, 452px\" \/><\/p>\n<p>Vous savez, mes s\u0153urs, que les conf\u00e9rences ont servi \u00e0 Notre Seigneur pour l&rsquo;\u00e9tablissement de son \u00c9glise. D\u00e8s le jour o\u00f9 il assembla ses ap\u00f4tres, il leur en fit\u00a0; puis, quand sa Compagnie fut plus grande et eut ap\u00f4tres et disciples, il tint parfois avec eux des assembl\u00e9es\u00a0; et ce fut dans une conf\u00e9rence comme cela que saint Philippe, dont nous faisons aujourd&rsquo;hui la f\u00eate, dit \u00e0 Notre Seigneur\u00a0: \u00ab\u00a0Seigneur, vous nous parlez de votre P\u00e8re, mais faites-nous voir votre P\u00e8re\u00a0\u00bb\u00a0; et Notre Seigneur lui r\u00e9pondit\u00a0: \u00ab\u00a0Qui me voit voit mon P\u00e8re\u00a0; mon P\u00e8re et moi ne sommes qu&rsquo;un\u00a0\u00bb.<\/p>\n<p>Les ap\u00f4tres proposaient leurs difficult\u00e9s dans ces conf\u00e9rences, et Notre Seigneur leur r\u00e9pondait. Il traitait de l&rsquo;avancement de l&rsquo;\u00c9glise et des moyens dont Dieu se servirait pour la faire fleurir. De sorte, mes ch\u00e8res s\u0153urs, que l&rsquo;on peut dire, et c&rsquo;est certain, que J\u00e9sus Christ m\u00eame a institu\u00e9 les conf\u00e9rences et s&rsquo;en est servi pour le commencement, le progr\u00e8s et la perfection de son \u00c9glise\u00a0; et apr\u00e8s sa mort et son ascension glorieuse il ne se faisait d&rsquo;autres instructions entre les fid\u00e8les par les ap\u00f4tres et par les pr\u00eatres que sous forme de conf\u00e9rence. il n&rsquo;y avait point de sermon\u00a0; quand les chr\u00e9tiens \u00e9taient assembl\u00e9s, on commen\u00e7ait la conf\u00e9rence.<\/p>\n<p>Saint Vincent de Paul (1581-1660), pr\u00eatre, fondateur de communaut\u00e9s religieuses<br \/>\n<i>Entretiens aux Filles de la Charit\u00e9, 1\/05\/1648 (Tome IX, \u00c9d. Gabalda, 1923, conf\u00e9rence du 1er mai 1648, p.395)<\/i><\/p>\n<p>&nbsp;<\/p>\n<p>&nbsp;<\/p>\n<p>&nbsp;<\/p>\n","protected":false},"excerpt":{"rendered":"<p>Vous savez, mes s\u0153urs, que les conf\u00e9rences ont servi \u00e0 Notre Seigneur pour l&rsquo;\u00e9tablissement de son \u00c9glise. D\u00e8s le jour o\u00f9 il assembla ses ap\u00f4tres, il leur en fit\u00a0; puis, quand sa Compagnie fut plus grande et eut ap\u00f4tres et disciples, il tint parfois avec eux des assembl\u00e9es\u00a0; et ce fut dans une conf\u00e9rence comme [&hellip;]<\/p>\n","protected":false},"author":2,"featured_media":0,"comment_status":"closed","ping_status":"closed","sticky":false,"template":"","format":"standard","meta":{"footnotes":""},"categories":[3,13,1261,28],"tags":[357,1069,1084],"class_list":["post-16262","post","type-post","status-publish","format-standard","hentry","category-liturgique","category-ecritures","category-enseignement-2","category-saints-et-saintes","tag-enseignement","tag-st-philippe","tag-st-vincent-de-paul"],"_links":{"self":[{"href":"https:\/\/www.associationdemarie.org\/blog\/wp-json\/wp\/v2\/posts\/16262","targetHints":{"allow":["GET"]}}],"collection":[{"href":"https:\/\/www.associationdemarie.org\/blog\/wp-json\/wp\/v2\/posts"}],"about":[{"href":"https:\/\/www.associationdemarie.org\/blog\/wp-json\/wp\/v2\/types\/post"}],"author":[{"embeddable":true,"href":"https:\/\/www.associationdemarie.org\/blog\/wp-json\/wp\/v2\/users\/2"}],"replies":[{"embeddable":true,"href":"https:\/\/www.associationdemarie.org\/blog\/wp-json\/wp\/v2\/comments?post=16262"}],"version-history":[{"count":2,"href":"https:\/\/www.associationdemarie.org\/blog\/wp-json\/wp\/v2\/posts\/16262\/revisions"}],"predecessor-version":[{"id":16265,"href":"https:\/\/www.associationdemarie.org\/blog\/wp-json\/wp\/v2\/posts\/16262\/revisions\/16265"}],"wp:attachment":[{"href":"https:\/\/www.associationdemarie.org\/blog\/wp-json\/wp\/v2\/media?parent=16262"}],"wp:term":[{"taxonomy":"category","embeddable":true,"href":"https:\/\/www.associationdemarie.org\/blog\/wp-json\/wp\/v2\/categories?post=16262"},{"taxonomy":"post_tag","embeddable":true,"href":"https:\/\/www.associationdemarie.org\/blog\/wp-json\/wp\/v2\/tags?post=16262"}],"curies":[{"name":"wp","href":"https:\/\/api.w.org\/{rel}","templated":true}]}}