{"id":16248,"date":"2018-04-30T01:38:11","date_gmt":"2018-04-30T00:38:11","guid":{"rendered":"http:\/\/www.associationdemarie.org\/blog\/?p=16248"},"modified":"2018-04-12T07:40:14","modified_gmt":"2018-04-12T06:40:14","slug":"mon-pere-laimera-nous-viendrons-vers-lui-et-nous-ferons-une-demeure-chez-lui","status":"publish","type":"post","link":"https:\/\/www.associationdemarie.org\/blog\/mon-pere-laimera-nous-viendrons-vers-lui-et-nous-ferons-une-demeure-chez-lui\/","title":{"rendered":"\u00ab Mon P\u00e8re l&rsquo;aimera, nous viendrons vers lui et nous ferons une demeure chez lui. \u00bb"},"content":{"rendered":"<p><img loading=\"lazy\" decoding=\"async\" class=\"aligncenter  wp-image-16249\" src=\"https:\/\/www.associationdemarie.org\/blog\/wp-content\/uploads\/2018\/04\/DN3C4hqWsAA3WPx.jpg\" alt=\"\" width=\"439\" height=\"439\" srcset=\"https:\/\/www.associationdemarie.org\/blog\/wp-content\/uploads\/2018\/04\/DN3C4hqWsAA3WPx.jpg 720w, https:\/\/www.associationdemarie.org\/blog\/wp-content\/uploads\/2018\/04\/DN3C4hqWsAA3WPx-150x150.jpg 150w, https:\/\/www.associationdemarie.org\/blog\/wp-content\/uploads\/2018\/04\/DN3C4hqWsAA3WPx-300x300.jpg 300w\" sizes=\"auto, (max-width: 439px) 100vw, 439px\" \/><\/p>\n<p>Le Christ demeure dans son \u00c9glise\u00a0: dans ses sacrements, dans sa liturgie, dans sa pr\u00e9dication, dans toute son activit\u00e9. D&rsquo;une mani\u00e8re sp\u00e9ciale, le Christ demeure pr\u00e9sent parmi nous dans le don quotidien de la sainte eucharistie. C&rsquo;est pourquoi la messe est le centre et la racine de la vie chr\u00e9tienne. Dans toute messe il y a toujours le Christ total, T\u00eate et Corps (Ep 1,22-23). \u00ab\u00a0Par lui, avec lui et en lui.\u00a0\u00bb Car le Christ est le Chemin, le M\u00e9diateur\u00a0: en lui nous trouvons tout\u00a0; hors de lui notre vie est vide&#8230;<\/p>\n<p>Le Christ vit dans le chr\u00e9tien. La foi nous dit que l&rsquo;homme en \u00e9tat de gr\u00e2ce est divinis\u00e9. Nous sommes des hommes et des femmes, non des anges, des \u00eatres en chair et en os, avec un c\u0153ur et des passions, des tristesses et des joies, mais la divinisation s&rsquo;accomplit dans l&rsquo;homme tout entier, comme une anticipation de la r\u00e9surrection glorieuse. \u00ab\u00a0Le Christ est ressuscit\u00e9 des morts, pr\u00e9mices de ceux qui se sont endormis. Car, la mort \u00e9tant venue par un homme, c&rsquo;est par un homme aussi que vient la r\u00e9surrection des morts. De m\u00eame en effet que tous meurent en Adam, tous aussi revivront dans le Christ\u00a0\u00bb (1Co 15,20-22.<\/p>\n<p>La vie du Christ est notre vie, selon ce qu&rsquo;il a promis \u00e0 ses ap\u00f4tres, le jour de la derni\u00e8re C\u00e8ne\u00a0: \u00ab\u00a0Si quelqu&rsquo;un m&rsquo;aime il gardera ma parole, et mon P\u00e8re l&rsquo;aimera, et nous viendrons \u00e0 lui, et nous ferons chez lui notre demeure\u00a0\u00bb. Le chr\u00e9tien doit, par cons\u00e9quent, vivre selon la vie du Christ, en faisant siens les sentiments du Christ, de mani\u00e8re \u00e0 pouvoir s&rsquo;\u00e9crier avec saint Paul\u00a0: \u00ab\u00a0Je vis, mais ce n&rsquo;est plus moi, c&rsquo;est le Christ qui vit en moi\u00a0\u00bb (Ga 2,20.<\/p>\n<p>Saint Jos\u00e9maria Escriva de Balaguer (1902-1975), pr\u00eatre, fondateur<br \/>\n<i>Hom\u00e9lie du 26\/03\/1967 in Es Cristo que pasa\u00a0\u00a0(trad. Quand le Christ passe, Le Laurier 1989, p. 192)<\/i><\/p>\n<p>&nbsp;<\/p>\n<p>&nbsp;<\/p>\n","protected":false},"excerpt":{"rendered":"<p>Le Christ demeure dans son \u00c9glise\u00a0: dans ses sacrements, dans sa liturgie, dans sa pr\u00e9dication, dans toute son activit\u00e9. D&rsquo;une mani\u00e8re sp\u00e9ciale, le Christ demeure pr\u00e9sent parmi nous dans le don quotidien de la sainte eucharistie. C&rsquo;est pourquoi la messe est le centre et la racine de la vie chr\u00e9tienne. Dans toute messe il y [&hellip;]<\/p>\n","protected":false},"author":2,"featured_media":0,"comment_status":"closed","ping_status":"closed","sticky":false,"template":"","format":"standard","meta":{"footnotes":""},"categories":[13,1261],"tags":[1490,916,1217,1068],"class_list":["post-16248","post","type-post","status-publish","format-standard","hentry","category-ecritures","category-enseignement-2","tag-demeure","tag-sacrement","tag-st-josemaria-escriva-de-balaguer","tag-st-paul"],"_links":{"self":[{"href":"https:\/\/www.associationdemarie.org\/blog\/wp-json\/wp\/v2\/posts\/16248","targetHints":{"allow":["GET"]}}],"collection":[{"href":"https:\/\/www.associationdemarie.org\/blog\/wp-json\/wp\/v2\/posts"}],"about":[{"href":"https:\/\/www.associationdemarie.org\/blog\/wp-json\/wp\/v2\/types\/post"}],"author":[{"embeddable":true,"href":"https:\/\/www.associationdemarie.org\/blog\/wp-json\/wp\/v2\/users\/2"}],"replies":[{"embeddable":true,"href":"https:\/\/www.associationdemarie.org\/blog\/wp-json\/wp\/v2\/comments?post=16248"}],"version-history":[{"count":3,"href":"https:\/\/www.associationdemarie.org\/blog\/wp-json\/wp\/v2\/posts\/16248\/revisions"}],"predecessor-version":[{"id":16252,"href":"https:\/\/www.associationdemarie.org\/blog\/wp-json\/wp\/v2\/posts\/16248\/revisions\/16252"}],"wp:attachment":[{"href":"https:\/\/www.associationdemarie.org\/blog\/wp-json\/wp\/v2\/media?parent=16248"}],"wp:term":[{"taxonomy":"category","embeddable":true,"href":"https:\/\/www.associationdemarie.org\/blog\/wp-json\/wp\/v2\/categories?post=16248"},{"taxonomy":"post_tag","embeddable":true,"href":"https:\/\/www.associationdemarie.org\/blog\/wp-json\/wp\/v2\/tags?post=16248"}],"curies":[{"name":"wp","href":"https:\/\/api.w.org\/{rel}","templated":true}]}}