{"id":16223,"date":"2018-04-24T01:27:51","date_gmt":"2018-04-24T00:27:51","guid":{"rendered":"http:\/\/www.associationdemarie.org\/blog\/?p=16223"},"modified":"2018-04-08T08:29:56","modified_gmt":"2018-04-08T07:29:56","slug":"mes-brebis-ecoutent-ma-voix-je-les-connais-et-elles-me-suivent","status":"publish","type":"post","link":"https:\/\/www.associationdemarie.org\/blog\/mes-brebis-ecoutent-ma-voix-je-les-connais-et-elles-me-suivent\/","title":{"rendered":"\u00ab Mes brebis \u00e9coutent ma voix ; je les connais et elles me suivent. \u00bb"},"content":{"rendered":"<p><img loading=\"lazy\" decoding=\"async\" class=\"aligncenter  wp-image-16224\" src=\"https:\/\/www.associationdemarie.org\/blog\/wp-content\/uploads\/2018\/04\/jesus-brebis-voix.jpg\" alt=\"\" width=\"454\" height=\"303\" srcset=\"https:\/\/www.associationdemarie.org\/blog\/wp-content\/uploads\/2018\/04\/jesus-brebis-voix.jpg 1200w, https:\/\/www.associationdemarie.org\/blog\/wp-content\/uploads\/2018\/04\/jesus-brebis-voix-300x200.jpg 300w, https:\/\/www.associationdemarie.org\/blog\/wp-content\/uploads\/2018\/04\/jesus-brebis-voix-768x512.jpg 768w, https:\/\/www.associationdemarie.org\/blog\/wp-content\/uploads\/2018\/04\/jesus-brebis-voix-1024x683.jpg 1024w\" sizes=\"auto, (max-width: 454px) 100vw, 454px\" \/><\/p>\n<p>Bon Pasteur, J\u00e9sus, pasteur vraiment bon, pasteur plein de bienveillance et de tendresse, vers toi monte le cri d&rsquo;un pasteur pauvre et mis\u00e9rable\u00a0: pasteur fragile, pasteur maladroit, pasteur quelconque (cf Lc 17,10), mais malgr\u00e9 tout, pasteur de tes brebis. Oui, vers toi, Bon Pasteur, monte le cri de ce pasteur qui est loin d&rsquo;\u00eatre bon\u00a0; vers toi il crie, inquiet pour lui-m\u00eame, inquiet pour tes brebis&#8230; Tu connais mon c\u0153ur, Seigneur\u00a0: tu sais que mon souhait est de d\u00e9penser enti\u00e8rement pour ceux que tu m&rsquo;a confi\u00e9s tout ce que tu as donn\u00e9 \u00e0 ton serviteur&#8230;, et plus que tout, me d\u00e9penser pour eux sans compter (2Co 12,15)&#8230;<\/p>\n<p>Toi-m\u00eame, tu n&rsquo;as pas d\u00e9daign\u00e9 de te d\u00e9penser pour eux. Apprends-moi donc, Seigneur, \u00e0 moi ton serviteur, apprends-moi, par ton Esprit Saint, comment me d\u00e9penser pour eux&#8230; Donne-moi, Seigneur, par ta gr\u00e2ce inexprimable, de supporter avec patience leurs faiblesses, d&rsquo;y compatir avec bont\u00e9, de les secourir avec discr\u00e9tion. Que l&rsquo;enseignement de ton Esprit m&rsquo;apprenne \u00e0 consoler les afflig\u00e9s, \u00e0 fortifier les craintifs, \u00e0 relever ceux qui tombent, \u00e0 \u00eatre faible avec les faibles, \u00e0 partager la br\u00fblure de ceux qui tr\u00e9buchent, \u00e0 me faire tout \u00e0 tous pour les gagner tous (2Co 11,29; 1Co 9,19.22). Mets sur mes l\u00e8vres une parole vraie, une parole droite, une parole juste, afin qu&rsquo;ils grandissent dans la foi, l&rsquo;esp\u00e9rance et l&rsquo;amour, en chastet\u00e9 et en humilit\u00e9, en patience et en ob\u00e9issance, en ferveur d&rsquo;esprit et puret\u00e9 de c\u0153ur. Puisque c&rsquo;est toi qui leur as donn\u00e9 ce guide aveugle (Mt 15,14), cet enseignant ignorant, ce chef incapable, enseigne celui que tu as \u00e9tabli comme enseignant, conduis celui \u00e0 qui tu as ordonn\u00e9 de conduire les autres.<\/p>\n<p>Saint Aelred de Rievaulx (1110-1167), moine cistercien<br \/>\n<i>Pri\u00e8re d&rsquo;un pasteur, 1.7 (trad cf coll. Pain de C\u00eeteaux, n\u00b024, p. 261s)<\/i><\/p>\n<p>&nbsp;<\/p>\n<p>&nbsp;<\/p>\n<p>&nbsp;<\/p>\n","protected":false},"excerpt":{"rendered":"<p>Bon Pasteur, J\u00e9sus, pasteur vraiment bon, pasteur plein de bienveillance et de tendresse, vers toi monte le cri d&rsquo;un pasteur pauvre et mis\u00e9rable\u00a0: pasteur fragile, pasteur maladroit, pasteur quelconque (cf Lc 17,10), mais malgr\u00e9 tout, pasteur de tes brebis. Oui, vers toi, Bon Pasteur, monte le cri de ce pasteur qui est loin d&rsquo;\u00eatre bon\u00a0; [&hellip;]<\/p>\n","protected":false},"author":2,"featured_media":0,"comment_status":"closed","ping_status":"closed","sticky":false,"template":"","format":"standard","meta":{"footnotes":""},"categories":[13,1261,26],"tags":[122,174,536,779,1005],"class_list":["post-16223","post","type-post","status-publish","format-standard","hentry","category-ecritures","category-enseignement-2","category-priere-des-ames","tag-autrui","tag-brebis","tag-jesus-christ","tag-pasteur","tag-st-aelred"],"_links":{"self":[{"href":"https:\/\/www.associationdemarie.org\/blog\/wp-json\/wp\/v2\/posts\/16223","targetHints":{"allow":["GET"]}}],"collection":[{"href":"https:\/\/www.associationdemarie.org\/blog\/wp-json\/wp\/v2\/posts"}],"about":[{"href":"https:\/\/www.associationdemarie.org\/blog\/wp-json\/wp\/v2\/types\/post"}],"author":[{"embeddable":true,"href":"https:\/\/www.associationdemarie.org\/blog\/wp-json\/wp\/v2\/users\/2"}],"replies":[{"embeddable":true,"href":"https:\/\/www.associationdemarie.org\/blog\/wp-json\/wp\/v2\/comments?post=16223"}],"version-history":[{"count":2,"href":"https:\/\/www.associationdemarie.org\/blog\/wp-json\/wp\/v2\/posts\/16223\/revisions"}],"predecessor-version":[{"id":16226,"href":"https:\/\/www.associationdemarie.org\/blog\/wp-json\/wp\/v2\/posts\/16223\/revisions\/16226"}],"wp:attachment":[{"href":"https:\/\/www.associationdemarie.org\/blog\/wp-json\/wp\/v2\/media?parent=16223"}],"wp:term":[{"taxonomy":"category","embeddable":true,"href":"https:\/\/www.associationdemarie.org\/blog\/wp-json\/wp\/v2\/categories?post=16223"},{"taxonomy":"post_tag","embeddable":true,"href":"https:\/\/www.associationdemarie.org\/blog\/wp-json\/wp\/v2\/tags?post=16223"}],"curies":[{"name":"wp","href":"https:\/\/api.w.org\/{rel}","templated":true}]}}